{"id":7099,"date":"2026-03-11T00:00:00","date_gmt":"2026-03-11T00:00:00","guid":{"rendered":"https:\/\/pruebas.cursopracticoseo.com\/wordpress_o\/?p=7099"},"modified":"2026-03-16T13:51:20","modified_gmt":"2026-03-16T13:51:20","slug":"perdonare","status":"publish","type":"post","link":"https:\/\/pruebas.cursopracticoseo.com\/wordpress_o\/perdonare\/","title":{"rendered":"PERDONARE"},"content":{"rendered":"\n<p>La Cofrad\u00eda Santo Cristo del Perd\u00f3n de Le\u00f3n, conmemora este a\u00f1o, el 60.\u00ba Aniversario de la bendici\u00f3n de su imagen titular, el Cristo del Perd\u00f3n, una destacada obra del escultor leon\u00e9s \u00c1ngel Estrada Escanciano. Con motivo de esta efem\u00e9ride, la hermandad ha organizado un amplio programa de actos culturales y religiosos, concebido para ofrecer a la ciudadan\u00eda un espacio de cultura, espiritualidad y encuentro comunitario.<\/p>\n\n\n\n<p><strong>Jornadas culturales: 12,13 y 14 de marzo.<\/strong><\/p>\n\n\n\n<p>Las actividades culturales se celebrar\u00e1n en la Capilla del Museo Diocesano y de la Semana Santa de Le\u00f3n, situada en la calle Mariano Dom\u00ednguez Berrueta.<\/p>\n\n\n\n<p>El ciclo dar\u00e1 comienzo el jueves 12 de marzo a las 20:30 h. con la presentaci\u00f3n oficial de las jornadas y la inauguraci\u00f3n de la exposici\u00f3n fotogr\u00e1fica \u201c60 a\u00f1os de arte,<br>devoci\u00f3n y memoria\u201d.<\/p>\n\n\n\n<p>El viernes 13 de marzo, a las 20:30 h, tendr\u00e1 lugar la velada literaria-musical \u201cPalabras para el Perd\u00f3n\u201d, que contar\u00e1 con la participaci\u00f3n de: Manuel J\u00e1\u00f1ez Gallego, Daniela Garc\u00eda Ca\u00f1\u00f3n, Mario Diez Ord\u00e1s Berciano, Jorge Revenga S\u00e1nchez y Manuel Quijano (Pap\u00e1 Quijano), Juan Bautista D\u00edez Rodr\u00edguez, Raquel \u00c1lvarez Fern\u00e1ndez, Alejandro Javier Garc\u00eda Montero, Jos\u00e9 Carlos Ropero Prieto. La presentaci\u00f3n correr\u00e1 a cargo de Lidia Fos, y el acompa\u00f1amiento musical estar\u00e1 a cargo de la violinista Sara Alonso Melchor.<\/p>\n\n\n\n<p>Las jornadas culturales culminar\u00e1n el s\u00e1bado 14 de marzo, a las 20:30 h, con un Concierto de M\u00fasica Meditativa para el Perd\u00f3n, en colaboraci\u00f3n con el Orfe\u00f3n Leones y su consiliario, D. Adri\u00e1n Gonz\u00e1lez Villanueva.<\/p>\n\n\n\n<p><strong>Actos religiosos: 16, 17, 18, 20 y 28 de marzo<\/strong><\/p>\n\n\n\n<p>El programa religioso, se desarrollar\u00e1 en la sede can\u00f3nica de la cofrad\u00eda, la Iglesia Parroquial de San Francisco de la Vega.<\/p>\n\n\n\n<p>El Triduo en honor al Cristo del Perd\u00f3n tendr\u00e1 lugar los d\u00edas 16,17 y 18 de marzo a las 19:30 h. El 18 de marzo, coincidiendo con la fecha de la bendici\u00f3n de la imagen del Cristo del Perd\u00f3n, la celebraci\u00f3n contar\u00e1 con la presencia del Obispo de la Di\u00f3cesis de Le\u00f3n, D. Luis \u00c1ngel de las Heras Berzal.<\/p>\n\n\n\n<p>El 20 de marzo se celebrar\u00e1 el Preg\u00f3n de la Cofrad\u00eda que ser\u00e1 pronunciado por el Padre Jos\u00e9 Rom\u00e1n Flecha Andr\u00e9s, seguido de un V\u00eda Crucis Conmemorativo especialmente preparado para esta ocasi\u00f3n.<\/p>\n\n\n\n<p>Finalmente, el 28 de marzo, tendr\u00e1 lugar la misa solemne de hermandad con motivo del 60 aniversario.<\/p>\n\n\n\n<p>La Junta de Seises invita a todos los hermanos, devotos y papones, as\u00ed como a la ciudadan\u00eda en general, a participar en los actos organizados para celebrar esta significativa efem\u00e9ride en honor al Cristo del Perd\u00f3n.<\/p>\n","protected":false},"excerpt":{"rendered":"<p>La Cofrad\u00eda Santo Cristo del Perd\u00f3n de Le\u00f3n, conmemora este a\u00f1o, el 60.\u00ba Aniversario de la bendici\u00f3n de su imagen titular, el Cristo del Perd\u00f3n, una destacada obra del escultor leon\u00e9s \u00c1ngel Estrada Escanciano. Con motivo de esta efem\u00e9ride, la hermandad ha organizado un amplio programa de actos culturales y religiosos, concebido para ofrecer a [&hellip;]<\/p>\n","protected":false},"author":1,"featured_media":7100,"comment_status":"open","ping_status":"closed","sticky":false,"template":"","format":"standard","meta":{"footnotes":""},"categories":[28],"tags":[],"class_list":["post-7099","post","type-post","status-publish","format-standard","has-post-thumbnail","hentry","category-historico"],"_links":{"self":[{"href":"https:\/\/pruebas.cursopracticoseo.com\/wordpress_o\/wp-json\/wp\/v2\/posts\/7099","targetHints":{"allow":["GET"]}}],"collection":[{"href":"https:\/\/pruebas.cursopracticoseo.com\/wordpress_o\/wp-json\/wp\/v2\/posts"}],"about":[{"href":"https:\/\/pruebas.cursopracticoseo.com\/wordpress_o\/wp-json\/wp\/v2\/types\/post"}],"author":[{"embeddable":true,"href":"https:\/\/pruebas.cursopracticoseo.com\/wordpress_o\/wp-json\/wp\/v2\/users\/1"}],"replies":[{"embeddable":true,"href":"https:\/\/pruebas.cursopracticoseo.com\/wordpress_o\/wp-json\/wp\/v2\/comments?post=7099"}],"version-history":[{"count":1,"href":"https:\/\/pruebas.cursopracticoseo.com\/wordpress_o\/wp-json\/wp\/v2\/posts\/7099\/revisions"}],"predecessor-version":[{"id":7101,"href":"https:\/\/pruebas.cursopracticoseo.com\/wordpress_o\/wp-json\/wp\/v2\/posts\/7099\/revisions\/7101"}],"wp:featuredmedia":[{"embeddable":true,"href":"https:\/\/pruebas.cursopracticoseo.com\/wordpress_o\/wp-json\/wp\/v2\/media\/7100"}],"wp:attachment":[{"href":"https:\/\/pruebas.cursopracticoseo.com\/wordpress_o\/wp-json\/wp\/v2\/media?parent=7099"}],"wp:term":[{"taxonomy":"category","embeddable":true,"href":"https:\/\/pruebas.cursopracticoseo.com\/wordpress_o\/wp-json\/wp\/v2\/categories?post=7099"},{"taxonomy":"post_tag","embeddable":true,"href":"https:\/\/pruebas.cursopracticoseo.com\/wordpress_o\/wp-json\/wp\/v2\/tags?post=7099"}],"curies":[{"name":"wp","href":"https:\/\/api.w.org\/{rel}","templated":true}]}}