{"id":7093,"date":"2026-03-09T00:00:00","date_gmt":"2026-03-09T00:00:00","guid":{"rendered":"https:\/\/pruebas.cursopracticoseo.com\/wordpress_o\/?p=7093"},"modified":"2026-03-16T13:52:47","modified_gmt":"2026-03-16T13:52:47","slug":"xx-pregon-de-la-cofradia-cristo-del-gran-poder","status":"publish","type":"post","link":"https:\/\/pruebas.cursopracticoseo.com\/wordpress_o\/xx-pregon-de-la-cofradia-cristo-del-gran-poder\/","title":{"rendered":"XX PREG\u00d3N DE LA COFRAD\u00cdA CRISTO DEL GRAN PODER"},"content":{"rendered":"\n<p>El pr\u00f3ximo s\u00e1bado 14 de marzo, a las 19:45 horas, tendr\u00e1 lugar el XX Preg\u00f3n de la Cofrad\u00eda Cristo del Gran Poder, que ser\u00e1 pronunciado por D. C\u00e9sar Pel\u00e1ez \u00c1lvarez (director de la Escuela Diocesana de Formaci\u00f3n Teol\u00f3gico-Pastoral. \u00abBeato Antero Mateo\u00bb).<\/p>\n\n\n\n<p>El acto ser\u00e1 presentado por nuestro abad de honor y pregonero 2025, D. Manuel Mart\u00ednez L\u00f3pez, y contar\u00e1 con la intervenci\u00f3n de la Agrupaci\u00f3n Musical.<\/p>\n\n\n\n<p><\/p>\n","protected":false},"excerpt":{"rendered":"<p>El pr\u00f3ximo s\u00e1bado 14 de marzo, a las 19:45 horas, tendr\u00e1 lugar el XX Preg\u00f3n de la Cofrad\u00eda Cristo del Gran Poder, que ser\u00e1 pronunciado por D. C\u00e9sar Pel\u00e1ez \u00c1lvarez (director de la Escuela Diocesana de Formaci\u00f3n Teol\u00f3gico-Pastoral. \u00abBeato Antero Mateo\u00bb). El acto ser\u00e1 presentado por nuestro abad de honor y pregonero 2025, D. Manuel [&hellip;]<\/p>\n","protected":false},"author":1,"featured_media":7094,"comment_status":"open","ping_status":"closed","sticky":false,"template":"","format":"standard","meta":{"footnotes":""},"categories":[28],"tags":[],"class_list":["post-7093","post","type-post","status-publish","format-standard","has-post-thumbnail","hentry","category-historico"],"_links":{"self":[{"href":"https:\/\/pruebas.cursopracticoseo.com\/wordpress_o\/wp-json\/wp\/v2\/posts\/7093","targetHints":{"allow":["GET"]}}],"collection":[{"href":"https:\/\/pruebas.cursopracticoseo.com\/wordpress_o\/wp-json\/wp\/v2\/posts"}],"about":[{"href":"https:\/\/pruebas.cursopracticoseo.com\/wordpress_o\/wp-json\/wp\/v2\/types\/post"}],"author":[{"embeddable":true,"href":"https:\/\/pruebas.cursopracticoseo.com\/wordpress_o\/wp-json\/wp\/v2\/users\/1"}],"replies":[{"embeddable":true,"href":"https:\/\/pruebas.cursopracticoseo.com\/wordpress_o\/wp-json\/wp\/v2\/comments?post=7093"}],"version-history":[{"count":1,"href":"https:\/\/pruebas.cursopracticoseo.com\/wordpress_o\/wp-json\/wp\/v2\/posts\/7093\/revisions"}],"predecessor-version":[{"id":7095,"href":"https:\/\/pruebas.cursopracticoseo.com\/wordpress_o\/wp-json\/wp\/v2\/posts\/7093\/revisions\/7095"}],"wp:featuredmedia":[{"embeddable":true,"href":"https:\/\/pruebas.cursopracticoseo.com\/wordpress_o\/wp-json\/wp\/v2\/media\/7094"}],"wp:attachment":[{"href":"https:\/\/pruebas.cursopracticoseo.com\/wordpress_o\/wp-json\/wp\/v2\/media?parent=7093"}],"wp:term":[{"taxonomy":"category","embeddable":true,"href":"https:\/\/pruebas.cursopracticoseo.com\/wordpress_o\/wp-json\/wp\/v2\/categories?post=7093"},{"taxonomy":"post_tag","embeddable":true,"href":"https:\/\/pruebas.cursopracticoseo.com\/wordpress_o\/wp-json\/wp\/v2\/tags?post=7093"}],"curies":[{"name":"wp","href":"https:\/\/api.w.org\/{rel}","templated":true}]}}