{"id":7087,"date":"2026-03-09T00:00:00","date_gmt":"2026-03-09T00:00:00","guid":{"rendered":"https:\/\/pruebas.cursopracticoseo.com\/wordpress_o\/?p=7087"},"modified":"2026-03-16T13:51:47","modified_gmt":"2026-03-16T13:51:47","slug":"concierto-aniversario-de-la-agrupacion-musical-de-la-real-hermandad-de-jesus-divino-obrero-2","status":"publish","type":"post","link":"https:\/\/pruebas.cursopracticoseo.com\/wordpress_o\/concierto-aniversario-de-la-agrupacion-musical-de-la-real-hermandad-de-jesus-divino-obrero-2\/","title":{"rendered":"CONCIERTO ANIVERSARIO DE LA AGRUPACI\u00d3N MUSICAL DE LA REAL HERMANDAD DE JES\u00daS DIVINO OBRERO"},"content":{"rendered":"\n<p>La Agrupaci\u00f3n Musical de la Real Hermandad de Jes\u00fas Divino Obrero celebr\u00f3 el pasado domingo 8 de marzo su Concierto Aniversario en la Capilla del Museo Diocesano y de la Semana Santa de Le\u00f3n.<\/p>\n\n\n\n<p>Durante el concierto, la formaci\u00f3n present\u00f3 parte del repertorio preparado para la pr\u00f3xima Semana Santa de 2026, en un acto que reuni\u00f3 a hermanos, devotos y amantes de la m\u00fasica cofrade.<\/p>\n\n\n\n<p>Asimismo, se hizo entrega de diplomas de agradecimiento a Jos\u00e9 Antonio Fern\u00e1ndez Ramos, presentador del concierto, y a \u00c1ngel Garc\u00eda Cabero, compositor de la marcha \u00abEn la Alborada\u00bb, una composici\u00f3n propia dedicada a la Virgen de la Soledad.<\/p>\n\n\n\n<p>Desde la Real Hermandad de Jes\u00fas Divino Obrero se agradece la asistencia y el apoyo de todas las personas que acompa\u00f1aron a la Agrupaci\u00f3n Musical en esta jornada tan especial dentro del calendario previo a la Semana Santa.<\/p>\n\n\n\n<p><\/p>\n","protected":false},"excerpt":{"rendered":"<p>La Agrupaci\u00f3n Musical de la Real Hermandad de Jes\u00fas Divino Obrero celebr\u00f3 el pasado domingo 8 de marzo su Concierto Aniversario en la Capilla del Museo Diocesano y de la Semana Santa de Le\u00f3n. Durante el concierto, la formaci\u00f3n present\u00f3 parte del repertorio preparado para la pr\u00f3xima Semana Santa de 2026, en un acto que [&hellip;]<\/p>\n","protected":false},"author":1,"featured_media":7088,"comment_status":"open","ping_status":"closed","sticky":false,"template":"","format":"standard","meta":{"footnotes":""},"categories":[28],"tags":[],"class_list":["post-7087","post","type-post","status-publish","format-standard","has-post-thumbnail","hentry","category-historico"],"_links":{"self":[{"href":"https:\/\/pruebas.cursopracticoseo.com\/wordpress_o\/wp-json\/wp\/v2\/posts\/7087","targetHints":{"allow":["GET"]}}],"collection":[{"href":"https:\/\/pruebas.cursopracticoseo.com\/wordpress_o\/wp-json\/wp\/v2\/posts"}],"about":[{"href":"https:\/\/pruebas.cursopracticoseo.com\/wordpress_o\/wp-json\/wp\/v2\/types\/post"}],"author":[{"embeddable":true,"href":"https:\/\/pruebas.cursopracticoseo.com\/wordpress_o\/wp-json\/wp\/v2\/users\/1"}],"replies":[{"embeddable":true,"href":"https:\/\/pruebas.cursopracticoseo.com\/wordpress_o\/wp-json\/wp\/v2\/comments?post=7087"}],"version-history":[{"count":1,"href":"https:\/\/pruebas.cursopracticoseo.com\/wordpress_o\/wp-json\/wp\/v2\/posts\/7087\/revisions"}],"predecessor-version":[{"id":7089,"href":"https:\/\/pruebas.cursopracticoseo.com\/wordpress_o\/wp-json\/wp\/v2\/posts\/7087\/revisions\/7089"}],"wp:featuredmedia":[{"embeddable":true,"href":"https:\/\/pruebas.cursopracticoseo.com\/wordpress_o\/wp-json\/wp\/v2\/media\/7088"}],"wp:attachment":[{"href":"https:\/\/pruebas.cursopracticoseo.com\/wordpress_o\/wp-json\/wp\/v2\/media?parent=7087"}],"wp:term":[{"taxonomy":"category","embeddable":true,"href":"https:\/\/pruebas.cursopracticoseo.com\/wordpress_o\/wp-json\/wp\/v2\/categories?post=7087"},{"taxonomy":"post_tag","embeddable":true,"href":"https:\/\/pruebas.cursopracticoseo.com\/wordpress_o\/wp-json\/wp\/v2\/tags?post=7087"}],"curies":[{"name":"wp","href":"https:\/\/api.w.org\/{rel}","templated":true}]}}