{"id":7071,"date":"2026-02-24T00:00:00","date_gmt":"2026-02-24T00:00:00","guid":{"rendered":"https:\/\/pruebas.cursopracticoseo.com\/wordpress_o\/?p=7071"},"modified":"2026-03-16T13:54:49","modified_gmt":"2026-03-16T13:54:49","slug":"sones-de-cuaresma-recauda-1-800e-para-amidown-leon","status":"publish","type":"post","link":"https:\/\/pruebas.cursopracticoseo.com\/wordpress_o\/sones-de-cuaresma-recauda-1-800e-para-amidown-leon\/","title":{"rendered":"\u201cSONES DE CUARESMA\u201d RECAUDA 1.800\u20ac PARA AMIDOWN LE\u00d3N"},"content":{"rendered":"\n<p>La Real Hermandad de Jes\u00fas Divino Obrero celebr\u00f3 este domingo, 22 de febrero, la s\u00e9ptima edici\u00f3n del Concierto Ben\u00e9fico \u201cSones de Cuaresma\u201d, cuya recaudaci\u00f3n ha sido destinada a Amidown Le\u00f3n. La Iglesia Parroquial de Jes\u00fas Divino Obrero acogi\u00f3 una vez m\u00e1s este evento solidario, en el que m\u00fasica y compromiso social volvieron a ir de la mano.<\/p>\n\n\n\n<p>La recaudaci\u00f3n alcanz\u00f3 los 1.800 euros, cantidad que ser\u00e1 destinada \u00edntegramente a Amidown Le\u00f3n, apoyando as\u00ed su labor en favor de la plena inclusi\u00f3n de las personas con s\u00edndrome de Down y discapacidad intelectual, as\u00ed como la promoci\u00f3n de su dignidad y derechos.<\/p>\n\n\n\n<p>El concierto, presentado por Daniel Alfageme, cont\u00f3 con la participaci\u00f3n de la Banda de Cornetas y Tambores Nuestra Se\u00f1ora de la Soledad, la Banda de M\u00fasica de la Cofrad\u00eda del Dulce Nombre de Jes\u00fas Nazareno y la Agrupaci\u00f3n Musical de la Real Hermandad de Jes\u00fas Divino Obrero.<\/p>\n\n\n\n<p>Durante el acto, Ra\u00fal Fuentes, tesorero de Amidown Le\u00f3n, junto a varios usuarios de la asociaci\u00f3n, compartieron con el p\u00fablico la misi\u00f3n y el trabajo que desarrollan, acercando a los asistentes la realidad y los objetivos de la entidad.<\/p>\n\n\n\n<p>Como broche final, el Abad-Presidente de la Hermandad, D. \u00c1lvaro Barrioluengo, dirigi\u00f3 unas palabras a los presentes y tuvo un emotivo recuerdo para D. Jos\u00e9 Luis Tasc\u00f3n, Abad Honorario de la Hermandad, fallecido el pasado viernes 20 de febrero, persona clave en la historia y el crecimiento de la penitencial. A continuaci\u00f3n, se hizo entrega de diplomas de agradecimiento a todas las bandas participantes y al presentador del acto, en reconocimiento a su colaboraci\u00f3n y compromiso con esta iniciativa solidaria.<\/p>\n\n\n\n<p>Desde la Real Hermandad de Jes\u00fas Divino Obrero se expresa un sincero agradecimiento a m\u00fasicos, colaboradores y p\u00fablico asistente por hacer posible, un a\u00f1o m\u00e1s, este concierto ben\u00e9fico.<\/p>\n","protected":false},"excerpt":{"rendered":"<p>La Real Hermandad de Jes\u00fas Divino Obrero celebr\u00f3 este domingo, 22 de febrero, la s\u00e9ptima edici\u00f3n del Concierto Ben\u00e9fico \u201cSones de Cuaresma\u201d, cuya recaudaci\u00f3n ha sido destinada a Amidown Le\u00f3n. La Iglesia Parroquial de Jes\u00fas Divino Obrero acogi\u00f3 una vez m\u00e1s este evento solidario, en el que m\u00fasica y compromiso social volvieron a ir de [&hellip;]<\/p>\n","protected":false},"author":1,"featured_media":7072,"comment_status":"open","ping_status":"closed","sticky":false,"template":"","format":"standard","meta":{"footnotes":""},"categories":[28],"tags":[],"class_list":["post-7071","post","type-post","status-publish","format-standard","has-post-thumbnail","hentry","category-historico"],"_links":{"self":[{"href":"https:\/\/pruebas.cursopracticoseo.com\/wordpress_o\/wp-json\/wp\/v2\/posts\/7071","targetHints":{"allow":["GET"]}}],"collection":[{"href":"https:\/\/pruebas.cursopracticoseo.com\/wordpress_o\/wp-json\/wp\/v2\/posts"}],"about":[{"href":"https:\/\/pruebas.cursopracticoseo.com\/wordpress_o\/wp-json\/wp\/v2\/types\/post"}],"author":[{"embeddable":true,"href":"https:\/\/pruebas.cursopracticoseo.com\/wordpress_o\/wp-json\/wp\/v2\/users\/1"}],"replies":[{"embeddable":true,"href":"https:\/\/pruebas.cursopracticoseo.com\/wordpress_o\/wp-json\/wp\/v2\/comments?post=7071"}],"version-history":[{"count":1,"href":"https:\/\/pruebas.cursopracticoseo.com\/wordpress_o\/wp-json\/wp\/v2\/posts\/7071\/revisions"}],"predecessor-version":[{"id":7073,"href":"https:\/\/pruebas.cursopracticoseo.com\/wordpress_o\/wp-json\/wp\/v2\/posts\/7071\/revisions\/7073"}],"wp:featuredmedia":[{"embeddable":true,"href":"https:\/\/pruebas.cursopracticoseo.com\/wordpress_o\/wp-json\/wp\/v2\/media\/7072"}],"wp:attachment":[{"href":"https:\/\/pruebas.cursopracticoseo.com\/wordpress_o\/wp-json\/wp\/v2\/media?parent=7071"}],"wp:term":[{"taxonomy":"category","embeddable":true,"href":"https:\/\/pruebas.cursopracticoseo.com\/wordpress_o\/wp-json\/wp\/v2\/categories?post=7071"},{"taxonomy":"post_tag","embeddable":true,"href":"https:\/\/pruebas.cursopracticoseo.com\/wordpress_o\/wp-json\/wp\/v2\/tags?post=7071"}],"curies":[{"name":"wp","href":"https:\/\/api.w.org\/{rel}","templated":true}]}}