{"id":7066,"date":"2026-02-20T00:00:00","date_gmt":"2026-02-20T00:00:00","guid":{"rendered":"https:\/\/pruebas.cursopracticoseo.com\/wordpress_o\/?p=7066"},"modified":"2026-03-16T13:55:10","modified_gmt":"2026-03-16T13:55:10","slug":"toma-de-posesion-de-la-redencion-2","status":"publish","type":"post","link":"https:\/\/pruebas.cursopracticoseo.com\/wordpress_o\/toma-de-posesion-de-la-redencion-2\/","title":{"rendered":"TOMA DE POSESI\u00d3N DE \u201cLA REDENCI\u00d3N\u201d"},"content":{"rendered":"\n<p>El domingo 22 de febrero, a las 13:00 horas, tendr\u00e1 lugar en la Iglesia Parroquial de San Mart\u00edn la Solemne Eucarist\u00eda durante la cual se celebrar\u00e1 la Toma de Posesi\u00f3n del nuevo Abad de la Cofrad\u00eda de Nuestro Se\u00f1or Jes\u00fas de la Redenci\u00f3n para el mandato 2026-2027, nombramiento reca\u00eddo en el Hermano Enrique Rodeyro Varela.<\/p>\n\n\n\n<p>En el mismo acto, tambi\u00e9n tomar\u00e1 posesi\u00f3n como nuevo Seise de la Cofrad\u00eda el Hno. Aitor \u00c1lvarez Bard\u00f3n.<\/p>\n\n\n\n<p>Como ya es costumbre, tras la Solemne Eucarist\u00eda, se presentar\u00e1 el Cartel Anunciador de la Cofrad\u00eda de Nuestro Se\u00f1or Jes\u00fas de la Redenci\u00f3n para la Semana Santa 2026.<\/p>\n","protected":false},"excerpt":{"rendered":"<p>El domingo 22 de febrero, a las 13:00 horas, tendr\u00e1 lugar en la Iglesia Parroquial de San Mart\u00edn la Solemne Eucarist\u00eda durante la cual se celebrar\u00e1 la Toma de Posesi\u00f3n del nuevo Abad de la Cofrad\u00eda de Nuestro Se\u00f1or Jes\u00fas de la Redenci\u00f3n para el mandato 2026-2027, nombramiento reca\u00eddo en el Hermano Enrique Rodeyro Varela. [&hellip;]<\/p>\n","protected":false},"author":1,"featured_media":0,"comment_status":"open","ping_status":"closed","sticky":false,"template":"","format":"standard","meta":{"footnotes":""},"categories":[28],"tags":[],"class_list":["post-7066","post","type-post","status-publish","format-standard","hentry","category-historico"],"_links":{"self":[{"href":"https:\/\/pruebas.cursopracticoseo.com\/wordpress_o\/wp-json\/wp\/v2\/posts\/7066","targetHints":{"allow":["GET"]}}],"collection":[{"href":"https:\/\/pruebas.cursopracticoseo.com\/wordpress_o\/wp-json\/wp\/v2\/posts"}],"about":[{"href":"https:\/\/pruebas.cursopracticoseo.com\/wordpress_o\/wp-json\/wp\/v2\/types\/post"}],"author":[{"embeddable":true,"href":"https:\/\/pruebas.cursopracticoseo.com\/wordpress_o\/wp-json\/wp\/v2\/users\/1"}],"replies":[{"embeddable":true,"href":"https:\/\/pruebas.cursopracticoseo.com\/wordpress_o\/wp-json\/wp\/v2\/comments?post=7066"}],"version-history":[{"count":1,"href":"https:\/\/pruebas.cursopracticoseo.com\/wordpress_o\/wp-json\/wp\/v2\/posts\/7066\/revisions"}],"predecessor-version":[{"id":7067,"href":"https:\/\/pruebas.cursopracticoseo.com\/wordpress_o\/wp-json\/wp\/v2\/posts\/7066\/revisions\/7067"}],"wp:attachment":[{"href":"https:\/\/pruebas.cursopracticoseo.com\/wordpress_o\/wp-json\/wp\/v2\/media?parent=7066"}],"wp:term":[{"taxonomy":"category","embeddable":true,"href":"https:\/\/pruebas.cursopracticoseo.com\/wordpress_o\/wp-json\/wp\/v2\/categories?post=7066"},{"taxonomy":"post_tag","embeddable":true,"href":"https:\/\/pruebas.cursopracticoseo.com\/wordpress_o\/wp-json\/wp\/v2\/tags?post=7066"}],"curies":[{"name":"wp","href":"https:\/\/api.w.org\/{rel}","templated":true}]}}