{"id":7063,"date":"2026-02-20T00:00:00","date_gmt":"2026-02-20T00:00:00","guid":{"rendered":"https:\/\/pruebas.cursopracticoseo.com\/wordpress_o\/?p=7063"},"modified":"2026-03-16T13:55:02","modified_gmt":"2026-03-16T13:55:02","slug":"fallece-d-jose-luis-tascon-abad-honorario-de-la-real-hermandad-de-jesus-divino-obrero","status":"publish","type":"post","link":"https:\/\/pruebas.cursopracticoseo.com\/wordpress_o\/fallece-d-jose-luis-tascon-abad-honorario-de-la-real-hermandad-de-jesus-divino-obrero\/","title":{"rendered":"FALLECE D. JOS\u00c9 LUIS TASC\u00d3N, ABAD HONORARIO DE LA REAL HERMANDAD DE JES\u00daS DIVINO OBRERO"},"content":{"rendered":"\n<p>La Real Hermandad de Jes\u00fas Divino Obrero lamenta comunicar el fallecimiento de D. Jos\u00e9 Luis Tasc\u00f3n, Abad Honorario de la Hermandad, ocurrido este viernes 20 de febrero.<\/p>\n\n\n\n<p>D. Jos\u00e9 Luis Tasc\u00f3n fue hermano fundador de la penitencial de Blanco y Morado y desempe\u00f1\u00f3 el cargo de Abad-Presidente desde 1966 hasta 1970, sucediendo al fundador D. Restituto Ruano.<\/p>\n\n\n\n<p>Durante su mandato se produjeron importantes hitos en la historia de la Hermandad. Tuvo lugar el cambio de Sede Can\u00f3nica, saliendo por primera vez de la Iglesia Parroquial de Jes\u00fas Divino Obrero en 1.970. Asimismo, en esos a\u00f1os se llev\u00f3 a cabo la adquisici\u00f3n de la actual Casa de Hermandad, un paso decisivo para el crecimiento y consolidaci\u00f3n de la penitencial.<\/p>\n\n\n\n<p>La Hermandad quiere destacar su compromiso, dedicaci\u00f3n y entrega, as\u00ed como su contribuci\u00f3n fundamental al desarrollo institucional y patrimonial de la Hermandad.<br>El funeral se celebrar\u00e1 el s\u00e1bado 21 de febrero a las 16:00 en la Parroquia de San Isidro Labrador.<\/p>\n\n\n\n<p>La Real Hermandad de Jes\u00fas Divino Obrero ruega una oraci\u00f3n por su eterno descanso.<\/p>\n","protected":false},"excerpt":{"rendered":"<p>La Real Hermandad de Jes\u00fas Divino Obrero lamenta comunicar el fallecimiento de D. Jos\u00e9 Luis Tasc\u00f3n, Abad Honorario de la Hermandad, ocurrido este viernes 20 de febrero. D. Jos\u00e9 Luis Tasc\u00f3n fue hermano fundador de la penitencial de Blanco y Morado y desempe\u00f1\u00f3 el cargo de Abad-Presidente desde 1966 hasta 1970, sucediendo al fundador D. [&hellip;]<\/p>\n","protected":false},"author":1,"featured_media":7064,"comment_status":"open","ping_status":"closed","sticky":false,"template":"","format":"standard","meta":{"footnotes":""},"categories":[28],"tags":[],"class_list":["post-7063","post","type-post","status-publish","format-standard","has-post-thumbnail","hentry","category-historico"],"_links":{"self":[{"href":"https:\/\/pruebas.cursopracticoseo.com\/wordpress_o\/wp-json\/wp\/v2\/posts\/7063","targetHints":{"allow":["GET"]}}],"collection":[{"href":"https:\/\/pruebas.cursopracticoseo.com\/wordpress_o\/wp-json\/wp\/v2\/posts"}],"about":[{"href":"https:\/\/pruebas.cursopracticoseo.com\/wordpress_o\/wp-json\/wp\/v2\/types\/post"}],"author":[{"embeddable":true,"href":"https:\/\/pruebas.cursopracticoseo.com\/wordpress_o\/wp-json\/wp\/v2\/users\/1"}],"replies":[{"embeddable":true,"href":"https:\/\/pruebas.cursopracticoseo.com\/wordpress_o\/wp-json\/wp\/v2\/comments?post=7063"}],"version-history":[{"count":1,"href":"https:\/\/pruebas.cursopracticoseo.com\/wordpress_o\/wp-json\/wp\/v2\/posts\/7063\/revisions"}],"predecessor-version":[{"id":7065,"href":"https:\/\/pruebas.cursopracticoseo.com\/wordpress_o\/wp-json\/wp\/v2\/posts\/7063\/revisions\/7065"}],"wp:featuredmedia":[{"embeddable":true,"href":"https:\/\/pruebas.cursopracticoseo.com\/wordpress_o\/wp-json\/wp\/v2\/media\/7064"}],"wp:attachment":[{"href":"https:\/\/pruebas.cursopracticoseo.com\/wordpress_o\/wp-json\/wp\/v2\/media?parent=7063"}],"wp:term":[{"taxonomy":"category","embeddable":true,"href":"https:\/\/pruebas.cursopracticoseo.com\/wordpress_o\/wp-json\/wp\/v2\/categories?post=7063"},{"taxonomy":"post_tag","embeddable":true,"href":"https:\/\/pruebas.cursopracticoseo.com\/wordpress_o\/wp-json\/wp\/v2\/tags?post=7063"}],"curies":[{"name":"wp","href":"https:\/\/api.w.org\/{rel}","templated":true}]}}