{"id":7046,"date":"2026-02-11T00:00:00","date_gmt":"2026-02-11T00:00:00","guid":{"rendered":"https:\/\/pruebas.cursopracticoseo.com\/wordpress_o\/?p=7046"},"modified":"2026-03-16T13:56:05","modified_gmt":"2026-03-16T13:56:05","slug":"vii-concierto-benefico-sones-de-cuaresma","status":"publish","type":"post","link":"https:\/\/pruebas.cursopracticoseo.com\/wordpress_o\/vii-concierto-benefico-sones-de-cuaresma\/","title":{"rendered":"VII CONCIERTO BEN\u00c9FICO \u00abSONES DE CUARESMA\u00bb"},"content":{"rendered":"\n<p>La Real Hermandad de Jes\u00fas Divino Obrero organiza una nueva edici\u00f3n del Concierto Ben\u00e9fico \u201cSones de Cuaresma\u201d, una cita ya tradicional en la Cuaresma leonesa que cada a\u00f1o marca el inicio de este tiempo lit\u00fargico.<\/p>\n\n\n\n<p>El concierto se celebrar\u00e1 el s\u00e1bado 22 de febrero, a las 18:30 horas, en la Iglesia Parroquial de Jes\u00fas Divino Obrero, ofreciendo una tarde en la que la m\u00fasica y la tradici\u00f3n cofrade anuncian la llegada de la Semana Santa.<\/p>\n\n\n\n<p>En esta s\u00e9ptima edici\u00f3n participar\u00e1n la Banda de Cornetas y Tambores Nuestra Se\u00f1ora de la Soledad, la Banda de M\u00fasica de la Cofrad\u00eda del Dulce Nombre de Jes\u00fas Nazareno y la Agrupaci\u00f3n Musical de la Real Hermandad de Jes\u00fas Divino Obrero.<\/p>\n\n\n\n<p>El concierto tendr\u00e1 un marcado car\u00e1cter solidario, ya que la recaudaci\u00f3n obtenida ir\u00e1 destinada \u00edntegramente a Amidown Le\u00f3n, colaborando con la importante labor social que desarrolla esta entidad.<\/p>\n\n\n\n<p>Las entradas podr\u00e1n adquirirse en la Casa de Hermandad (C\/ Leopoldo Alas, 20 \u2013 24006 Le\u00f3n) los d\u00edas jueves 11 de febrero, mi\u00e9rcoles 18 de febrero y jueves 19 de febrero, en horario de 19:30 a 21:00 horas, as\u00ed como a trav\u00e9s de los miembros de la Junta Directiva y de los componentes de la Agrupaci\u00f3n Musical.<\/p>\n\n\n\n<p>Desde la Real Hermandad de Jes\u00fas Divino Obrero se invita a todos los hermanos, cofrades y amantes de la m\u00fasica procesional a asistir a este evento, una cita en la que la tradici\u00f3n, la solidaridad y el sentimiento cofrade se dan la mano al inicio de la Cuaresma.<\/p>\n\n\n\n<p><\/p>\n","protected":false},"excerpt":{"rendered":"<p>La Real Hermandad de Jes\u00fas Divino Obrero organiza una nueva edici\u00f3n del Concierto Ben\u00e9fico \u201cSones de Cuaresma\u201d, una cita ya tradicional en la Cuaresma leonesa que cada a\u00f1o marca el inicio de este tiempo lit\u00fargico. El concierto se celebrar\u00e1 el s\u00e1bado 22 de febrero, a las 18:30 horas, en la Iglesia Parroquial de Jes\u00fas Divino [&hellip;]<\/p>\n","protected":false},"author":1,"featured_media":7047,"comment_status":"open","ping_status":"closed","sticky":false,"template":"","format":"standard","meta":{"footnotes":""},"categories":[28],"tags":[],"class_list":["post-7046","post","type-post","status-publish","format-standard","has-post-thumbnail","hentry","category-historico"],"_links":{"self":[{"href":"https:\/\/pruebas.cursopracticoseo.com\/wordpress_o\/wp-json\/wp\/v2\/posts\/7046","targetHints":{"allow":["GET"]}}],"collection":[{"href":"https:\/\/pruebas.cursopracticoseo.com\/wordpress_o\/wp-json\/wp\/v2\/posts"}],"about":[{"href":"https:\/\/pruebas.cursopracticoseo.com\/wordpress_o\/wp-json\/wp\/v2\/types\/post"}],"author":[{"embeddable":true,"href":"https:\/\/pruebas.cursopracticoseo.com\/wordpress_o\/wp-json\/wp\/v2\/users\/1"}],"replies":[{"embeddable":true,"href":"https:\/\/pruebas.cursopracticoseo.com\/wordpress_o\/wp-json\/wp\/v2\/comments?post=7046"}],"version-history":[{"count":2,"href":"https:\/\/pruebas.cursopracticoseo.com\/wordpress_o\/wp-json\/wp\/v2\/posts\/7046\/revisions"}],"predecessor-version":[{"id":7050,"href":"https:\/\/pruebas.cursopracticoseo.com\/wordpress_o\/wp-json\/wp\/v2\/posts\/7046\/revisions\/7050"}],"wp:featuredmedia":[{"embeddable":true,"href":"https:\/\/pruebas.cursopracticoseo.com\/wordpress_o\/wp-json\/wp\/v2\/media\/7047"}],"wp:attachment":[{"href":"https:\/\/pruebas.cursopracticoseo.com\/wordpress_o\/wp-json\/wp\/v2\/media?parent=7046"}],"wp:term":[{"taxonomy":"category","embeddable":true,"href":"https:\/\/pruebas.cursopracticoseo.com\/wordpress_o\/wp-json\/wp\/v2\/categories?post=7046"},{"taxonomy":"post_tag","embeddable":true,"href":"https:\/\/pruebas.cursopracticoseo.com\/wordpress_o\/wp-json\/wp\/v2\/tags?post=7046"}],"curies":[{"name":"wp","href":"https:\/\/api.w.org\/{rel}","templated":true}]}}