{"id":5037,"date":"2016-09-15T00:00:00","date_gmt":"2016-09-15T00:00:00","guid":{"rendered":"https:\/\/pruebas.cursopracticoseo.com\/wordpress_o\/solemne-triduo-a-maria-santisima-del-mayor-dolor-en-su-soledad\/"},"modified":"2016-09-15T00:00:00","modified_gmt":"2016-09-15T00:00:00","slug":"solemne-triduo-a-maria-santisima-del-mayor-dolor-en-su-soledad","status":"publish","type":"post","link":"https:\/\/pruebas.cursopracticoseo.com\/wordpress_o\/solemne-triduo-a-maria-santisima-del-mayor-dolor-en-su-soledad\/","title":{"rendered":"Solemne Triduo a Mar\u00eda Sant\u00edsima del Mayor Dolor en su Soledad"},"content":{"rendered":"<p>Despu\u00e9s de m\u00e1s de un a\u00f1o al culto, la Iglesia de San Juan y San Pedro de Renueva, ubicada en la Avenida Padre Isla n\u00ba 58, acoger\u00e1 durante los d\u00edas 12, 13 y 14 de septiembre, por primera vez, el Solemne Triduo a Mar\u00eda Sant\u00edsima del Mayor Dolor en su Soledad. El viernes y s\u00e1bado ser\u00e1 a las 18,30 hs y el domingo d\u00eda 14 a las 12,30 hs. La elecci\u00f3n de esta fecha para la celebraci\u00f3n del Triduo obedece a conmemorar la festividad de Nuestra Se\u00f1ora de los Dolores, que tiene su d\u00eda exacto en el 15 de septiembre, por lo que se desarrolla en los d\u00edas m\u00e1s cercanos a su fiesta. La imagen estrenar\u00e1 la totalidad de las vestimentas que llevar\u00e1 durante los tres d\u00edas, que han sido fruto de la donaci\u00f3n del modisto y dise\u00f1ador palentino Jos\u00e9 R. Aparicio. El Domingo, tercer d\u00eda del del Triduo, se proceder\u00e1 a la presentaci\u00f3n y bendici\u00f3n, de la nueva corona de la Virgen del Mayor Dolor que lucir\u00e1 en la procesi\u00f3n del Jueves Santo de 2015 y que ha sido donada por los que fueran Hermanos Mayores de la Cofrad\u00eda, D. Andr\u00e9s Garc\u00eda Moreno y D. Manuel Garc\u00eda D\u00edaz, este \u00faltimo a la vez Hermano Mayor Honorario del Desenclavo. Se finalizar\u00e1 la jornada con un Besamanos.<\/p>\n","protected":false},"excerpt":{"rendered":"<p>Despu\u00e9s de m\u00e1s de un a\u00f1o al culto, la Iglesia de San Juan y San Pedro de Renueva, ubicada en la Avenida Padre Isla n\u00ba 58, acoger\u00e1 durante los d\u00edas 12, 13 y 14 de septiembre, por primera vez, el Solemne Triduo a Mar\u00eda Sant\u00edsima del Mayor Dolor en su Soledad. El viernes y s\u00e1bado [&hellip;]<\/p>\n","protected":false},"author":1,"featured_media":0,"comment_status":"open","ping_status":"open","sticky":false,"template":"","format":"standard","meta":{"footnotes":""},"categories":[28],"tags":[],"class_list":["post-5037","post","type-post","status-publish","format-standard","hentry","category-historico"],"_links":{"self":[{"href":"https:\/\/pruebas.cursopracticoseo.com\/wordpress_o\/wp-json\/wp\/v2\/posts\/5037","targetHints":{"allow":["GET"]}}],"collection":[{"href":"https:\/\/pruebas.cursopracticoseo.com\/wordpress_o\/wp-json\/wp\/v2\/posts"}],"about":[{"href":"https:\/\/pruebas.cursopracticoseo.com\/wordpress_o\/wp-json\/wp\/v2\/types\/post"}],"author":[{"embeddable":true,"href":"https:\/\/pruebas.cursopracticoseo.com\/wordpress_o\/wp-json\/wp\/v2\/users\/1"}],"replies":[{"embeddable":true,"href":"https:\/\/pruebas.cursopracticoseo.com\/wordpress_o\/wp-json\/wp\/v2\/comments?post=5037"}],"version-history":[{"count":0,"href":"https:\/\/pruebas.cursopracticoseo.com\/wordpress_o\/wp-json\/wp\/v2\/posts\/5037\/revisions"}],"wp:attachment":[{"href":"https:\/\/pruebas.cursopracticoseo.com\/wordpress_o\/wp-json\/wp\/v2\/media?parent=5037"}],"wp:term":[{"taxonomy":"category","embeddable":true,"href":"https:\/\/pruebas.cursopracticoseo.com\/wordpress_o\/wp-json\/wp\/v2\/categories?post=5037"},{"taxonomy":"post_tag","embeddable":true,"href":"https:\/\/pruebas.cursopracticoseo.com\/wordpress_o\/wp-json\/wp\/v2\/tags?post=5037"}],"curies":[{"name":"wp","href":"https:\/\/api.w.org\/{rel}","templated":true}]}}