{"id":5032,"date":"2016-11-04T00:00:00","date_gmt":"2016-11-04T00:00:00","guid":{"rendered":"https:\/\/pruebas.cursopracticoseo.com\/wordpress_o\/junta-mayor-de-la-semana-santa-de-leon-nombramiento-pregonero-de-la-hermandad-de-los-gitanos-de-madrid\/"},"modified":"2016-11-04T00:00:00","modified_gmt":"2016-11-04T00:00:00","slug":"junta-mayor-de-la-semana-santa-de-leon-nombramiento-pregonero-de-la-hermandad-de-los-gitanos-de-madrid","status":"publish","type":"post","link":"https:\/\/pruebas.cursopracticoseo.com\/wordpress_o\/junta-mayor-de-la-semana-santa-de-leon-nombramiento-pregonero-de-la-hermandad-de-los-gitanos-de-madrid\/","title":{"rendered":"JUNTA MAYOR DE LA SEMANA SANTA DE LE\u00d3N  \u00abNombramiento Pregonero de la Hermandad de los Gitanos de Madrid\u00bb"},"content":{"rendered":"<p>Nos es muy grato adjuntar nota de prensa en la que se comunica el nombramiento del Pregonero de la Semana Santa 2017 en la Real e Ilustre y Primitiva Hermandad Sacramental de la Sant\u00edsima Trinidad, Esclavitud de Ntra. Sra. del Carmen y Cofrad\u00eda de Nazarenos de Ntro. Padre Jes\u00fas de la Salud y M\u00aa Sant\u00edsima de las Angustias &#8211; Los Gitanos &#8211; de Madrid, encargo que ha reca\u00eddo en el Hno. Manuel J\u00e1\u00f1ez Gallego, pregonero, que fue, de la Semana Santa de Le\u00f3n 2016.<br \/>\n  Desde esta Junta Mayor felicitamos al Hno. Manuel J\u00e1\u00f1ez Gallego por el encargo recibido y nos sentimos orgullosos de que los m\u00e9ritos de los cofrades leoneses sean reconocidos por otras Semanas Santas. Estamos convencidos de que realizar\u00e1 una buena labor como pregonero y que tendr\u00e1 a esta Semana Santa de Le\u00f3n presente en sus palabras y pensamientos. \u00a1Que sea enhorabuena!    Link, nota de prensa Madrid<br \/>\n                                                                          Jos\u00e9 Antonio Fresno Castro<br \/>\n                                                    Vicepresidente y Vocal de Comunicaci\u00f3n, en funciones.<br \/>\n                                         Junta Mayor de Cofrad\u00edas y Hermandades de la Semana Santa de Le\u00f3n<\/p>\n","protected":false},"excerpt":{"rendered":"<p>Nos es muy grato adjuntar nota de prensa en la que se comunica el nombramiento del Pregonero de la Semana Santa 2017 en la Real e Ilustre y Primitiva Hermandad Sacramental de la Sant\u00edsima Trinidad, Esclavitud de Ntra. Sra. del Carmen y Cofrad\u00eda de Nazarenos de Ntro. Padre Jes\u00fas de la Salud y M\u00aa Sant\u00edsima [&hellip;]<\/p>\n","protected":false},"author":1,"featured_media":0,"comment_status":"open","ping_status":"open","sticky":false,"template":"","format":"standard","meta":{"footnotes":""},"categories":[28],"tags":[],"class_list":["post-5032","post","type-post","status-publish","format-standard","hentry","category-historico"],"_links":{"self":[{"href":"https:\/\/pruebas.cursopracticoseo.com\/wordpress_o\/wp-json\/wp\/v2\/posts\/5032","targetHints":{"allow":["GET"]}}],"collection":[{"href":"https:\/\/pruebas.cursopracticoseo.com\/wordpress_o\/wp-json\/wp\/v2\/posts"}],"about":[{"href":"https:\/\/pruebas.cursopracticoseo.com\/wordpress_o\/wp-json\/wp\/v2\/types\/post"}],"author":[{"embeddable":true,"href":"https:\/\/pruebas.cursopracticoseo.com\/wordpress_o\/wp-json\/wp\/v2\/users\/1"}],"replies":[{"embeddable":true,"href":"https:\/\/pruebas.cursopracticoseo.com\/wordpress_o\/wp-json\/wp\/v2\/comments?post=5032"}],"version-history":[{"count":0,"href":"https:\/\/pruebas.cursopracticoseo.com\/wordpress_o\/wp-json\/wp\/v2\/posts\/5032\/revisions"}],"wp:attachment":[{"href":"https:\/\/pruebas.cursopracticoseo.com\/wordpress_o\/wp-json\/wp\/v2\/media?parent=5032"}],"wp:term":[{"taxonomy":"category","embeddable":true,"href":"https:\/\/pruebas.cursopracticoseo.com\/wordpress_o\/wp-json\/wp\/v2\/categories?post=5032"},{"taxonomy":"post_tag","embeddable":true,"href":"https:\/\/pruebas.cursopracticoseo.com\/wordpress_o\/wp-json\/wp\/v2\/tags?post=5032"}],"curies":[{"name":"wp","href":"https:\/\/api.w.org\/{rel}","templated":true}]}}