{"id":5031,"date":"2016-11-04T00:00:00","date_gmt":"2016-11-04T00:00:00","guid":{"rendered":"https:\/\/pruebas.cursopracticoseo.com\/wordpress_o\/nota-de-prensa-junta-mayor-de-la-semana-santa-de-leon-iv-encuentro-nacional-de-jovenes-de-hermandades-y-cofradias-jovenes-papones-de-leon\/"},"modified":"2016-11-04T00:00:00","modified_gmt":"2016-11-04T00:00:00","slug":"nota-de-prensa-junta-mayor-de-la-semana-santa-de-leon-iv-encuentro-nacional-de-jovenes-de-hermandades-y-cofradias-jovenes-papones-de-leon","status":"publish","type":"post","link":"https:\/\/pruebas.cursopracticoseo.com\/wordpress_o\/nota-de-prensa-junta-mayor-de-la-semana-santa-de-leon-iv-encuentro-nacional-de-jovenes-de-hermandades-y-cofradias-jovenes-papones-de-leon\/","title":{"rendered":"NOTA DE PRENSA JUNTA MAYOR DE LA SEMANA SANTA DE LE\u00d3N.    \u00abIV Encuentro Nacional de J\u00f3venes de Hermandades y Cofrad\u00edas J\u00f3venes Papones  de Le\u00f3n\u00bb"},"content":{"rendered":"<p>Este fin de semana se celebrar\u00e1 en Palencia el IV Encuentro Nacional de J\u00f3venes de Hermandades y Cofrad\u00edas, con la participaci\u00f3n de m\u00e1s de mil j\u00f3venes cofrades llegados de distintos puntos de Espa\u00f1a.<br \/>\n  Esta importante cita en el calendario cofrade contar\u00e1 con la presencia de un grupo de m\u00e1s de treinta j\u00f3venes papones de Le\u00f3n, a los que se unir\u00e1n otros muchos en algunos de los actos que se celebran el fin de semana.<br \/>\n  El grupo se identificar\u00e1 con un nuevo logo que se estrena para esta ocasi\u00f3n que ir\u00e1 estampado sobre una sudadera del color p\u00farpura de la bandera de Le\u00f3n.<br \/>\n  El programa de actividades previstas incluye aspectos formativos, vivenciales, fraternos, celebrativos, festivos y lit\u00fargico-sacramentales, con tiempos para conocer las cofrad\u00edas palentinas y participar en un V\u00eda Crucis y los traslados de sus pasos por las calles de la ciudad.<br \/>\n  Desde la Junta Mayor de la Semana Santa de Le\u00f3n, manifestamos todo nuestro apoyo a esta importante cita cofrade y deseamos el mayor de los \u00e9xitos en todas las actividades previstas.<br \/>\n  Como continuaci\u00f3n a nuestra nota de prensa de esta misma fecha nos es muy grato adjuntar para su conocimiento y difusi\u00f3n el Dossier de prensa elaborado por el equipo de prensa de la organizaci\u00f3n de este IV Encuentro Nacional de J\u00f3venes de Hermandades y Cofrad\u00edas.<\/p>\n<p>  Queremos destacar que el Hno. Jos\u00e9 Luis Pastrana Salda\u00f1a, Director musical de la Banda de Cornetas y Tambores de la Cofrad\u00eda del Dulce Nombre de Jes\u00fas Nazareno, miembro de su grupo de montaje y bracero de \u201cEl Prendimiento\u201d formar\u00e1 parte de la mesa redonda titulada \u201cIniciativas para la implicaci\u00f3n de la juventud en las Hermandades y Cofrad\u00edas\u201d que se desarrollar\u00e1 durante la ma\u00f1ana del s\u00e1bado 29 de octubre.<br \/>\n  Felicitamos al Hno. Jos\u00e9 Luis por esta presencia destacada entre los ponentes y le deseamos una exitosa intervenci\u00f3n.<\/p>\n<p>   Se adjunta programa oficial, dossier citado, logotipo y fotograf\u00eda de la sudadera: Datos adjuntos<\/p>\n<p>                                                                    Le\u00f3n, 28 de octubre de 2016<br \/>\n                                                                    Jos\u00e9 Antonio Fresno Castro<br \/>\n                                                      Vicepresidente y Vocal de Comunicaci\u00f3n, en funciones.<\/p>\n","protected":false},"excerpt":{"rendered":"<p>Este fin de semana se celebrar\u00e1 en Palencia el IV Encuentro Nacional de J\u00f3venes de Hermandades y Cofrad\u00edas, con la participaci\u00f3n de m\u00e1s de mil j\u00f3venes cofrades llegados de distintos puntos de Espa\u00f1a. Esta importante cita en el calendario cofrade contar\u00e1 con la presencia de un grupo de m\u00e1s de treinta j\u00f3venes papones de Le\u00f3n, [&hellip;]<\/p>\n","protected":false},"author":1,"featured_media":0,"comment_status":"open","ping_status":"open","sticky":false,"template":"","format":"standard","meta":{"footnotes":""},"categories":[28],"tags":[],"class_list":["post-5031","post","type-post","status-publish","format-standard","hentry","category-historico"],"_links":{"self":[{"href":"https:\/\/pruebas.cursopracticoseo.com\/wordpress_o\/wp-json\/wp\/v2\/posts\/5031","targetHints":{"allow":["GET"]}}],"collection":[{"href":"https:\/\/pruebas.cursopracticoseo.com\/wordpress_o\/wp-json\/wp\/v2\/posts"}],"about":[{"href":"https:\/\/pruebas.cursopracticoseo.com\/wordpress_o\/wp-json\/wp\/v2\/types\/post"}],"author":[{"embeddable":true,"href":"https:\/\/pruebas.cursopracticoseo.com\/wordpress_o\/wp-json\/wp\/v2\/users\/1"}],"replies":[{"embeddable":true,"href":"https:\/\/pruebas.cursopracticoseo.com\/wordpress_o\/wp-json\/wp\/v2\/comments?post=5031"}],"version-history":[{"count":0,"href":"https:\/\/pruebas.cursopracticoseo.com\/wordpress_o\/wp-json\/wp\/v2\/posts\/5031\/revisions"}],"wp:attachment":[{"href":"https:\/\/pruebas.cursopracticoseo.com\/wordpress_o\/wp-json\/wp\/v2\/media?parent=5031"}],"wp:term":[{"taxonomy":"category","embeddable":true,"href":"https:\/\/pruebas.cursopracticoseo.com\/wordpress_o\/wp-json\/wp\/v2\/categories?post=5031"},{"taxonomy":"post_tag","embeddable":true,"href":"https:\/\/pruebas.cursopracticoseo.com\/wordpress_o\/wp-json\/wp\/v2\/tags?post=5031"}],"curies":[{"name":"wp","href":"https:\/\/api.w.org\/{rel}","templated":true}]}}