{"id":5029,"date":"2016-11-13T00:00:00","date_gmt":"2016-11-13T00:00:00","guid":{"rendered":"https:\/\/pruebas.cursopracticoseo.com\/wordpress_o\/fiesta-del-desenclavo-y-toma-de-posesion-de-nueva-junta-de-seises\/"},"modified":"2016-11-13T00:00:00","modified_gmt":"2016-11-13T00:00:00","slug":"fiesta-del-desenclavo-y-toma-de-posesion-de-nueva-junta-de-seises","status":"publish","type":"post","link":"https:\/\/pruebas.cursopracticoseo.com\/wordpress_o\/fiesta-del-desenclavo-y-toma-de-posesion-de-nueva-junta-de-seises\/","title":{"rendered":"Fiesta del Desenclavo y Toma de Posesi\u00f3n de nueva Junta de Seises"},"content":{"rendered":"<p>El pr\u00f3ximo Domingo d\u00eda 9 de NOVIEMBRE se celebrar\u00e1 la Fiesta Oficial de la Cofrad\u00eda Santo Cristo del Desenclavo. La jornada festiva dar\u00e1 comienzo a las 11,30 hs cuando la reci\u00e9n creada Secci\u00f3n Musical de la Cofrad\u00eda realizar\u00e1 un pasacalles por las calles del Barrio de Santa Marina. A las 12.30 hs dar\u00e1 comienzo la Santa Misa, en el transcurso de la cual tomar\u00e1n posesi\u00f3n de sus cargos la totalidad de los miembros de la Junta de Seises, que han sido elegidos en la Asamblea General Extraordinaria celebrada el d\u00eda 2 de noviembre, con D. Javier Garc\u00eda Arg\u00fcello, a la cabeza de la misma como Hermano Mayor. Asimismo se presentar\u00e1n el Cartel oficial de la Cofrad\u00eda para anunciar los Actos de la Semana Santa de 2015 y el calendario para el a\u00f1o pr\u00f3ximo. A la finalizaci\u00f3n la Banda del Desenclavo actuar\u00e1 en el exterior de la iglesia.La jornada festiva concluir\u00e1 con la tradicional Comida de Hermandad, consistente en la degustaci\u00f3n de un cocido leon\u00e9s, al precio de 15 \u20ac en el Restaurante \u201cSexta Avenida\u201d, en la Avenida San Ignacio de Loyola n\u00ba 60, frente al Hospital \u201cSan Juan de Dios\u201d.<\/p>\n","protected":false},"excerpt":{"rendered":"<p>El pr\u00f3ximo Domingo d\u00eda 9 de NOVIEMBRE se celebrar\u00e1 la Fiesta Oficial de la Cofrad\u00eda Santo Cristo del Desenclavo. La jornada festiva dar\u00e1 comienzo a las 11,30 hs cuando la reci\u00e9n creada Secci\u00f3n Musical de la Cofrad\u00eda realizar\u00e1 un pasacalles por las calles del Barrio de Santa Marina. A las 12.30 hs dar\u00e1 comienzo la [&hellip;]<\/p>\n","protected":false},"author":1,"featured_media":0,"comment_status":"open","ping_status":"open","sticky":false,"template":"","format":"standard","meta":{"footnotes":""},"categories":[28],"tags":[],"class_list":["post-5029","post","type-post","status-publish","format-standard","hentry","category-historico"],"_links":{"self":[{"href":"https:\/\/pruebas.cursopracticoseo.com\/wordpress_o\/wp-json\/wp\/v2\/posts\/5029","targetHints":{"allow":["GET"]}}],"collection":[{"href":"https:\/\/pruebas.cursopracticoseo.com\/wordpress_o\/wp-json\/wp\/v2\/posts"}],"about":[{"href":"https:\/\/pruebas.cursopracticoseo.com\/wordpress_o\/wp-json\/wp\/v2\/types\/post"}],"author":[{"embeddable":true,"href":"https:\/\/pruebas.cursopracticoseo.com\/wordpress_o\/wp-json\/wp\/v2\/users\/1"}],"replies":[{"embeddable":true,"href":"https:\/\/pruebas.cursopracticoseo.com\/wordpress_o\/wp-json\/wp\/v2\/comments?post=5029"}],"version-history":[{"count":0,"href":"https:\/\/pruebas.cursopracticoseo.com\/wordpress_o\/wp-json\/wp\/v2\/posts\/5029\/revisions"}],"wp:attachment":[{"href":"https:\/\/pruebas.cursopracticoseo.com\/wordpress_o\/wp-json\/wp\/v2\/media?parent=5029"}],"wp:term":[{"taxonomy":"category","embeddable":true,"href":"https:\/\/pruebas.cursopracticoseo.com\/wordpress_o\/wp-json\/wp\/v2\/categories?post=5029"},{"taxonomy":"post_tag","embeddable":true,"href":"https:\/\/pruebas.cursopracticoseo.com\/wordpress_o\/wp-json\/wp\/v2\/tags?post=5029"}],"curies":[{"name":"wp","href":"https:\/\/api.w.org\/{rel}","templated":true}]}}