{"id":5024,"date":"2016-12-15T00:00:00","date_gmt":"2016-12-15T00:00:00","guid":{"rendered":"https:\/\/pruebas.cursopracticoseo.com\/wordpress_o\/el-no-60-de-la-revista-el-desenclavo-en-la-calle\/"},"modified":"2016-12-15T00:00:00","modified_gmt":"2016-12-15T00:00:00","slug":"el-no-60-de-la-revista-el-desenclavo-en-la-calle","status":"publish","type":"post","link":"https:\/\/pruebas.cursopracticoseo.com\/wordpress_o\/el-no-60-de-la-revista-el-desenclavo-en-la-calle\/","title":{"rendered":"El n\u00ba 60 de la Revista \u00abEl Desenclavo\u00bb en la calle"},"content":{"rendered":"<p>Ya se encuentra listo para salir a la calle un nuevo n\u00famero de la Revista semestral de nuestra Cofrad\u00eda. Al contrario que la de Semana Santa, \u00e9sta contiene menor n\u00famero de p\u00e1ginas, siendo en blanco y negro, manteniendo la esencia de aquellas primeras \u00abvolanderas\u00bb que el Desenclavo sacaba a la calle en sus primeros meses de vida, all\u00e1 por 1992. Adem\u00e1s de la felicitaci\u00f3n del Hermano Mayor,se reflejan las noticias que se han sucedido en los \u00faltimos meses, as\u00ed como los actos pr\u00f3ximos. El dise\u00f1o y maquetaci\u00f3n ha corrido a cargo del trabajo realizado por el Hermano Jos\u00e9 Mar\u00eda \u00c1lvarez Vicario.<\/p>\n","protected":false},"excerpt":{"rendered":"<p>Ya se encuentra listo para salir a la calle un nuevo n\u00famero de la Revista semestral de nuestra Cofrad\u00eda. Al contrario que la de Semana Santa, \u00e9sta contiene menor n\u00famero de p\u00e1ginas, siendo en blanco y negro, manteniendo la esencia de aquellas primeras \u00abvolanderas\u00bb que el Desenclavo sacaba a la calle en sus primeros meses [&hellip;]<\/p>\n","protected":false},"author":1,"featured_media":0,"comment_status":"open","ping_status":"open","sticky":false,"template":"","format":"standard","meta":{"footnotes":""},"categories":[28],"tags":[],"class_list":["post-5024","post","type-post","status-publish","format-standard","hentry","category-historico"],"_links":{"self":[{"href":"https:\/\/pruebas.cursopracticoseo.com\/wordpress_o\/wp-json\/wp\/v2\/posts\/5024","targetHints":{"allow":["GET"]}}],"collection":[{"href":"https:\/\/pruebas.cursopracticoseo.com\/wordpress_o\/wp-json\/wp\/v2\/posts"}],"about":[{"href":"https:\/\/pruebas.cursopracticoseo.com\/wordpress_o\/wp-json\/wp\/v2\/types\/post"}],"author":[{"embeddable":true,"href":"https:\/\/pruebas.cursopracticoseo.com\/wordpress_o\/wp-json\/wp\/v2\/users\/1"}],"replies":[{"embeddable":true,"href":"https:\/\/pruebas.cursopracticoseo.com\/wordpress_o\/wp-json\/wp\/v2\/comments?post=5024"}],"version-history":[{"count":0,"href":"https:\/\/pruebas.cursopracticoseo.com\/wordpress_o\/wp-json\/wp\/v2\/posts\/5024\/revisions"}],"wp:attachment":[{"href":"https:\/\/pruebas.cursopracticoseo.com\/wordpress_o\/wp-json\/wp\/v2\/media?parent=5024"}],"wp:term":[{"taxonomy":"category","embeddable":true,"href":"https:\/\/pruebas.cursopracticoseo.com\/wordpress_o\/wp-json\/wp\/v2\/categories?post=5024"},{"taxonomy":"post_tag","embeddable":true,"href":"https:\/\/pruebas.cursopracticoseo.com\/wordpress_o\/wp-json\/wp\/v2\/tags?post=5024"}],"curies":[{"name":"wp","href":"https:\/\/api.w.org\/{rel}","templated":true}]}}