{"id":5019,"date":"2017-01-18T00:00:00","date_gmt":"2017-01-18T00:00:00","guid":{"rendered":"https:\/\/pruebas.cursopracticoseo.com\/wordpress_o\/la-semana-santa-de-leon-en-fitur\/"},"modified":"2017-01-18T00:00:00","modified_gmt":"2017-01-18T00:00:00","slug":"la-semana-santa-de-leon-en-fitur","status":"publish","type":"post","link":"https:\/\/pruebas.cursopracticoseo.com\/wordpress_o\/la-semana-santa-de-leon-en-fitur\/","title":{"rendered":"LA SEMANA SANTA DE LE\u00d3N EN FITUR"},"content":{"rendered":"<p>La Semana Santa de Le\u00f3n estar\u00e1 presente en la Feria de Turismo Fitur, en Madrid, durante los d\u00edas 18 a 22 de enero.<\/p>\n<p>Con diverso material promocional y el cartel oficial de la Semana Santa de 2017, como elementos m\u00e1s destacados, nuestra Semana Mayor acudir\u00e1 a la importante cita tur\u00edstica internacional.<\/p>\n<p>El Presidente de la Junta Mayor, D. Manuel \u00c1ngel Fern\u00e1ndez D\u00edez, participar\u00e1 en la presentaci\u00f3n de la Semana Santa de la provincia de Le\u00f3n de la mano de la Diputaci\u00f3n Provincial y el Ayuntamiento de la capital dentro de las actividades organizadas por el Consorcio Provincial de Turismo, el mi\u00e9rcoles 18 a las 17:30 horas.<\/p>\n<p>Tambi\u00e9n estar\u00e1 presente, junto a al resto de las Semanas Santas de Castilla y Le\u00f3n, en la presentaci\u00f3n de las jornadas de la Pasi\u00f3n el s\u00e1bado 21, a las 17:00 horas, en el stand de la Junta de Castilla y Le\u00f3n. En este acto se presentar\u00e1 el video promocional de la Semana Santa 2017.<\/p>\n<p>Por otro lado el jueves 19, durante la ma\u00f1ana, el Ayuntamiento de Le\u00f3n incluir\u00e1 la Semana Santa dentro de su presentaci\u00f3n sobre la oferta tur\u00edstica de la ciudad.<\/p>\n","protected":false},"excerpt":{"rendered":"<p>La Semana Santa de Le\u00f3n estar\u00e1 presente en la Feria de Turismo Fitur, en Madrid, durante los d\u00edas 18 a 22 de enero. Con diverso material promocional y el cartel oficial de la Semana Santa de 2017, como elementos m\u00e1s destacados, nuestra Semana Mayor acudir\u00e1 a la importante cita tur\u00edstica internacional. El Presidente de la [&hellip;]<\/p>\n","protected":false},"author":1,"featured_media":0,"comment_status":"open","ping_status":"open","sticky":false,"template":"","format":"standard","meta":{"footnotes":""},"categories":[28],"tags":[],"class_list":["post-5019","post","type-post","status-publish","format-standard","hentry","category-historico"],"_links":{"self":[{"href":"https:\/\/pruebas.cursopracticoseo.com\/wordpress_o\/wp-json\/wp\/v2\/posts\/5019","targetHints":{"allow":["GET"]}}],"collection":[{"href":"https:\/\/pruebas.cursopracticoseo.com\/wordpress_o\/wp-json\/wp\/v2\/posts"}],"about":[{"href":"https:\/\/pruebas.cursopracticoseo.com\/wordpress_o\/wp-json\/wp\/v2\/types\/post"}],"author":[{"embeddable":true,"href":"https:\/\/pruebas.cursopracticoseo.com\/wordpress_o\/wp-json\/wp\/v2\/users\/1"}],"replies":[{"embeddable":true,"href":"https:\/\/pruebas.cursopracticoseo.com\/wordpress_o\/wp-json\/wp\/v2\/comments?post=5019"}],"version-history":[{"count":0,"href":"https:\/\/pruebas.cursopracticoseo.com\/wordpress_o\/wp-json\/wp\/v2\/posts\/5019\/revisions"}],"wp:attachment":[{"href":"https:\/\/pruebas.cursopracticoseo.com\/wordpress_o\/wp-json\/wp\/v2\/media?parent=5019"}],"wp:term":[{"taxonomy":"category","embeddable":true,"href":"https:\/\/pruebas.cursopracticoseo.com\/wordpress_o\/wp-json\/wp\/v2\/categories?post=5019"},{"taxonomy":"post_tag","embeddable":true,"href":"https:\/\/pruebas.cursopracticoseo.com\/wordpress_o\/wp-json\/wp\/v2\/tags?post=5019"}],"curies":[{"name":"wp","href":"https:\/\/api.w.org\/{rel}","templated":true}]}}