{"id":5017,"date":"2017-01-23T00:00:00","date_gmt":"2017-01-23T00:00:00","guid":{"rendered":"https:\/\/pruebas.cursopracticoseo.com\/wordpress_o\/nuevo-trono-para-nuestra-senora-de-la-luz\/"},"modified":"2017-01-23T00:00:00","modified_gmt":"2017-01-23T00:00:00","slug":"nuevo-trono-para-nuestra-senora-de-la-luz","status":"publish","type":"post","link":"https:\/\/pruebas.cursopracticoseo.com\/wordpress_o\/nuevo-trono-para-nuestra-senora-de-la-luz\/","title":{"rendered":"NUEVO TRONO PARA NUESTRA SE\u00d1ORA DE LA LUZ"},"content":{"rendered":"<p>La Cofrad\u00eda Santo Sepulcro-Esperanza de la Vida, dentro de los actos de la celebraci\u00f3n de su vig\u00e9simo quinto aniversario, est\u00e1 realizando un nuevo trono para la imagen de Nuestra Se\u00f1ora de la Luz. D. Antonio Luis Troya Rom\u00e1n, escultor afincado en Dos Hermanas (Sevilla) es el encargado de la realizaci\u00f3n de las diecis\u00e9is cartolas que contendr\u00e1 el nuevo trono. El trono ha sido dise\u00f1ado por Juan Manuel \u00c1lvarez Rodr\u00edguez y Jos\u00e9 Antonio Fresno Castro, hermanos de la Cofrad\u00eda, con el asesoramiento de los Freires Asesores de la Cofrad\u00eda. Primeramente el difunto D. Fernando Llamazares Rodr\u00edguez (DEP), qui\u00e9n tutel\u00f3 la obra hasta su fallecimiento, y, en la actualidad, por D. C\u00e9sar Garc\u00eda \u00c1lvarez.<\/p>\n<p>El escultor realizar\u00e1 en madera de caoba, en dos fases anuales, el panorama iconogr\u00e1fico sugerido por la Cofrad\u00eda, que presentar\u00e1 los Gozos y los Dolores de la Sant\u00edsima Virgen, completados con otras dos tablas con los escudos de la Cofrad\u00eda y del Convento de la Pur\u00edsima Concepci\u00f3n de Le\u00f3n. La incorporaci\u00f3n del escudo del Convento, recuerda el templo en el que se venera la imagen de Nuestra Se\u00f1ora de la Luz y rememora el V\u00ba Centenario de la fundaci\u00f3n del Cenobio Concepcionista que se ha celebrado el a\u00f1o 2016.<\/p>\n<p>El novedoso dise\u00f1o del trono en forma de estrella ovalada, s\u00edmbolo mariano, permitir\u00e1 contemplar e integrar los siete Dolores y los siete Gozos de la Sant\u00edsima Virgen junto a los escudos de la Cofrad\u00eda y el Convento Concepcionista. Sesenta hermanos de la Cofrad\u00eda lo pujar\u00e1n a hombros en la procesi\u00f3n Camino de la Luz que recorre las calles de nuestra ciudad en la tarde noche del S\u00e1bado Santo. En esta procesi\u00f3n participan otros dos pasos, el Santo Sepulcro y el Hombre Nuevo, que, junto a la imagen de Nuestra Se\u00f1ora de la Luz, sirven de anuncio de la Vigilia Pascual, la celebraci\u00f3n m\u00e1s importante de los cristianos en la Semana Santa.<\/p>\n<p>Nuestra Se\u00f1ora de la Luz (Ana Rey y \u00c1ngel Pantoja, 2014) procesion\u00f3 por primera vez en la Semana Santa de 2015. La imagen representa a la Sant\u00edsima Virgen, en el momento en el que la Madre de Dios es consciente de que su Hijo Jes\u00fas no es un mortal como los dem\u00e1s, sino que va resucitar. Para ello, el rostro muestra el instante en el que el dolor ha terminado y deja entrever un halo de esperanza, que se refleja en sus ojos soliviantados y su boca entreabierta. Sus rasgos son los propios de una mujer que ha perdido a su Hijo de manera traum\u00e1tica y muy dolorosa, pero tambi\u00e9n refleja la serenidad de quien tiene la confianza plena de que el sufrimiento padecido no ha sido el final del camino, sino que despu\u00e9s de las penas soportadas, Su Hijo ha resucitado. La simbolog\u00eda cristiana se percibe en el acto de retirarse el pu\u00f1al de Su pecho. Toda la composici\u00f3n participa de un ligero movimiento de avance que acompa\u00f1a a Su rostro anhelante y a la intenci\u00f3n de adelantarse hacia Su Hijo y gozar del momento de la Resurrecci\u00f3n. La disposici\u00f3n del manto crea una marcada diagonal en la composici\u00f3n de la talla, que acent\u00faa el movimiento descrito anteriormente, y que se refuerza con el gesto de Su mano derecha hacia detr\u00e1s.<\/p>\n<p>La Cofrad\u00eda Santo Sepulcro Esperanza de la Vida fue erigida can\u00f3nicamente en la Parroquia de San Froil\u00e1n de nuestra ciudad por D. Antonio Vilaplana Molina, Obispo, que fue, de la Di\u00f3cesis de Le\u00f3n, el d\u00eda cinco de noviembre de 1992. Dentro de los actos del vig\u00e9simo quinto aniversario de su fundaci\u00f3n est\u00e1 realizando diversas iniciativas entre las que destacan actividades de obra social, colaborando con el Convento de la Pur\u00edsima Concepci\u00f3n en la celebraci\u00f3n de su V\u00ba Centenario, la visita de la Condesa de Luna al Cenobio fundado por sus antepasados y un viaje a Tierra Santa en el mes de septiembre de este a\u00f1o 2017.<\/p>\n","protected":false},"excerpt":{"rendered":"<p>La Cofrad\u00eda Santo Sepulcro-Esperanza de la Vida, dentro de los actos de la celebraci\u00f3n de su vig\u00e9simo quinto aniversario, est\u00e1 realizando un nuevo trono para la imagen de Nuestra Se\u00f1ora de la Luz. D. Antonio Luis Troya Rom\u00e1n, escultor afincado en Dos Hermanas (Sevilla) es el encargado de la realizaci\u00f3n de las diecis\u00e9is cartolas que [&hellip;]<\/p>\n","protected":false},"author":1,"featured_media":0,"comment_status":"open","ping_status":"open","sticky":false,"template":"","format":"standard","meta":{"footnotes":""},"categories":[28],"tags":[],"class_list":["post-5017","post","type-post","status-publish","format-standard","hentry","category-historico"],"_links":{"self":[{"href":"https:\/\/pruebas.cursopracticoseo.com\/wordpress_o\/wp-json\/wp\/v2\/posts\/5017","targetHints":{"allow":["GET"]}}],"collection":[{"href":"https:\/\/pruebas.cursopracticoseo.com\/wordpress_o\/wp-json\/wp\/v2\/posts"}],"about":[{"href":"https:\/\/pruebas.cursopracticoseo.com\/wordpress_o\/wp-json\/wp\/v2\/types\/post"}],"author":[{"embeddable":true,"href":"https:\/\/pruebas.cursopracticoseo.com\/wordpress_o\/wp-json\/wp\/v2\/users\/1"}],"replies":[{"embeddable":true,"href":"https:\/\/pruebas.cursopracticoseo.com\/wordpress_o\/wp-json\/wp\/v2\/comments?post=5017"}],"version-history":[{"count":0,"href":"https:\/\/pruebas.cursopracticoseo.com\/wordpress_o\/wp-json\/wp\/v2\/posts\/5017\/revisions"}],"wp:attachment":[{"href":"https:\/\/pruebas.cursopracticoseo.com\/wordpress_o\/wp-json\/wp\/v2\/media?parent=5017"}],"wp:term":[{"taxonomy":"category","embeddable":true,"href":"https:\/\/pruebas.cursopracticoseo.com\/wordpress_o\/wp-json\/wp\/v2\/categories?post=5017"},{"taxonomy":"post_tag","embeddable":true,"href":"https:\/\/pruebas.cursopracticoseo.com\/wordpress_o\/wp-json\/wp\/v2\/tags?post=5017"}],"curies":[{"name":"wp","href":"https:\/\/api.w.org\/{rel}","templated":true}]}}