{"id":5015,"date":"2017-02-02T00:00:00","date_gmt":"2017-02-02T00:00:00","guid":{"rendered":"https:\/\/pruebas.cursopracticoseo.com\/wordpress_o\/exposicion-25-anos-de-desenclavo-en-leon\/"},"modified":"2017-02-02T00:00:00","modified_gmt":"2017-02-02T00:00:00","slug":"exposicion-25-anos-de-desenclavo-en-leon","status":"publish","type":"post","link":"https:\/\/pruebas.cursopracticoseo.com\/wordpress_o\/exposicion-25-anos-de-desenclavo-en-leon\/","title":{"rendered":"Exposici\u00f3n 25 a\u00f1os de Desenclavo en Le\u00f3n"},"content":{"rendered":"<p>El jueves, d\u00eda 2 de febrero, festividad de Nuestra Se\u00f1ora de las Candelas, a las 20 hs, en el Auditorio \u00abCiudad de Le\u00f3n\u00bb, tendr\u00e1 lugar la inauguraci\u00f3n de la exposici\u00f3n retrospectiva sobre la Cofrad\u00eda del Santo Cristo del Desenclavo. El vest\u00edbulo y las dos salas de exposiciones albergar\u00e1n esta muestra, en donde se dar\u00e1n a conocer distintos aspectos de la historia de la cofrad\u00eda a lo largo de estos 25 a\u00f1os: im\u00e1genes, carteler\u00eda, fotograf\u00edas y otros enseres conformar\u00e1n la exposici\u00f3n. Estar\u00e1 abierta durante todo el mes de febrero, hasta el d\u00eda 25. El horario de visitas es de lunes a viernes de 18 a 21 hs y los s\u00e1bados de 12 a 14 hs.<\/p>\n","protected":false},"excerpt":{"rendered":"<p>El jueves, d\u00eda 2 de febrero, festividad de Nuestra Se\u00f1ora de las Candelas, a las 20 hs, en el Auditorio \u00abCiudad de Le\u00f3n\u00bb, tendr\u00e1 lugar la inauguraci\u00f3n de la exposici\u00f3n retrospectiva sobre la Cofrad\u00eda del Santo Cristo del Desenclavo. El vest\u00edbulo y las dos salas de exposiciones albergar\u00e1n esta muestra, en donde se dar\u00e1n a [&hellip;]<\/p>\n","protected":false},"author":1,"featured_media":0,"comment_status":"open","ping_status":"open","sticky":false,"template":"","format":"standard","meta":{"footnotes":""},"categories":[28],"tags":[],"class_list":["post-5015","post","type-post","status-publish","format-standard","hentry","category-historico"],"_links":{"self":[{"href":"https:\/\/pruebas.cursopracticoseo.com\/wordpress_o\/wp-json\/wp\/v2\/posts\/5015","targetHints":{"allow":["GET"]}}],"collection":[{"href":"https:\/\/pruebas.cursopracticoseo.com\/wordpress_o\/wp-json\/wp\/v2\/posts"}],"about":[{"href":"https:\/\/pruebas.cursopracticoseo.com\/wordpress_o\/wp-json\/wp\/v2\/types\/post"}],"author":[{"embeddable":true,"href":"https:\/\/pruebas.cursopracticoseo.com\/wordpress_o\/wp-json\/wp\/v2\/users\/1"}],"replies":[{"embeddable":true,"href":"https:\/\/pruebas.cursopracticoseo.com\/wordpress_o\/wp-json\/wp\/v2\/comments?post=5015"}],"version-history":[{"count":0,"href":"https:\/\/pruebas.cursopracticoseo.com\/wordpress_o\/wp-json\/wp\/v2\/posts\/5015\/revisions"}],"wp:attachment":[{"href":"https:\/\/pruebas.cursopracticoseo.com\/wordpress_o\/wp-json\/wp\/v2\/media?parent=5015"}],"wp:term":[{"taxonomy":"category","embeddable":true,"href":"https:\/\/pruebas.cursopracticoseo.com\/wordpress_o\/wp-json\/wp\/v2\/categories?post=5015"},{"taxonomy":"post_tag","embeddable":true,"href":"https:\/\/pruebas.cursopracticoseo.com\/wordpress_o\/wp-json\/wp\/v2\/tags?post=5015"}],"curies":[{"name":"wp","href":"https:\/\/api.w.org\/{rel}","templated":true}]}}