{"id":5012,"date":"2017-02-10T00:00:00","date_gmt":"2017-02-10T00:00:00","guid":{"rendered":"https:\/\/pruebas.cursopracticoseo.com\/wordpress_o\/jornada-cultural-biblioteca-cofrade-2017\/"},"modified":"2017-02-10T00:00:00","modified_gmt":"2017-02-10T00:00:00","slug":"jornada-cultural-biblioteca-cofrade-2017","status":"publish","type":"post","link":"https:\/\/pruebas.cursopracticoseo.com\/wordpress_o\/jornada-cultural-biblioteca-cofrade-2017\/","title":{"rendered":"Jornada Cultural Biblioteca Cofrade 2017"},"content":{"rendered":"<p>Los d\u00edas 10, 17 y 24 de febrero se desarrollar\u00e1n las jornadas de la Biblioteca cofrade. El primer d\u00eda lo dedicaremos a destacar el XXV ANIVERSARIO de la Cofrad\u00eda con una mesa formada por nuestros fundadores y miembros de las otras dos cofrad\u00edas del 1992. Hablaremos de como comenz\u00f3 todo. El d\u00eda 17 en nuestra idea de innovaci\u00f3n, tendremos una mesa redonda de braceras y braceros mayores que nos contar\u00e1n sobre su labor y veremos las distintas maneras de llevarlo a cabo. Por \u00faltimo el d\u00eda 24 el hermano Xuaxus Gonz\u00e1lez nos hablar\u00e1, presentar\u00e1 y aportar\u00e1 su libro a nuestra biblioteca&#8230;OS ESPERAMOS A TODOS<\/p>\n","protected":false},"excerpt":{"rendered":"<p>Los d\u00edas 10, 17 y 24 de febrero se desarrollar\u00e1n las jornadas de la Biblioteca cofrade. El primer d\u00eda lo dedicaremos a destacar el XXV ANIVERSARIO de la Cofrad\u00eda con una mesa formada por nuestros fundadores y miembros de las otras dos cofrad\u00edas del 1992. Hablaremos de como comenz\u00f3 todo. El d\u00eda 17 en nuestra [&hellip;]<\/p>\n","protected":false},"author":1,"featured_media":0,"comment_status":"open","ping_status":"open","sticky":false,"template":"","format":"standard","meta":{"footnotes":""},"categories":[28],"tags":[],"class_list":["post-5012","post","type-post","status-publish","format-standard","hentry","category-historico"],"_links":{"self":[{"href":"https:\/\/pruebas.cursopracticoseo.com\/wordpress_o\/wp-json\/wp\/v2\/posts\/5012","targetHints":{"allow":["GET"]}}],"collection":[{"href":"https:\/\/pruebas.cursopracticoseo.com\/wordpress_o\/wp-json\/wp\/v2\/posts"}],"about":[{"href":"https:\/\/pruebas.cursopracticoseo.com\/wordpress_o\/wp-json\/wp\/v2\/types\/post"}],"author":[{"embeddable":true,"href":"https:\/\/pruebas.cursopracticoseo.com\/wordpress_o\/wp-json\/wp\/v2\/users\/1"}],"replies":[{"embeddable":true,"href":"https:\/\/pruebas.cursopracticoseo.com\/wordpress_o\/wp-json\/wp\/v2\/comments?post=5012"}],"version-history":[{"count":0,"href":"https:\/\/pruebas.cursopracticoseo.com\/wordpress_o\/wp-json\/wp\/v2\/posts\/5012\/revisions"}],"wp:attachment":[{"href":"https:\/\/pruebas.cursopracticoseo.com\/wordpress_o\/wp-json\/wp\/v2\/media?parent=5012"}],"wp:term":[{"taxonomy":"category","embeddable":true,"href":"https:\/\/pruebas.cursopracticoseo.com\/wordpress_o\/wp-json\/wp\/v2\/categories?post=5012"},{"taxonomy":"post_tag","embeddable":true,"href":"https:\/\/pruebas.cursopracticoseo.com\/wordpress_o\/wp-json\/wp\/v2\/tags?post=5012"}],"curies":[{"name":"wp","href":"https:\/\/api.w.org\/{rel}","templated":true}]}}