{"id":5010,"date":"2017-02-15T00:00:00","date_gmt":"2017-02-15T00:00:00","guid":{"rendered":"https:\/\/pruebas.cursopracticoseo.com\/wordpress_o\/balance-de-la-gala-benefica-sinfonia-en-verde-y-negro\/"},"modified":"2017-02-15T00:00:00","modified_gmt":"2017-02-15T00:00:00","slug":"balance-de-la-gala-benefica-sinfonia-en-verde-y-negro","status":"publish","type":"post","link":"https:\/\/pruebas.cursopracticoseo.com\/wordpress_o\/balance-de-la-gala-benefica-sinfonia-en-verde-y-negro\/","title":{"rendered":"Balance de la Gala Ben\u00e9fica   Sinfon\u00eda en verde y negro."},"content":{"rendered":"<p>La Cofrad\u00eda Mar\u00eda del Dulce Nombre organiz\u00f3, el pasado 28 de enero, con el Auditorio Ciudad de Le\u00f3n abarrotado de p\u00fablico y el cartel de no hay entradas, ?SINFON\u00cdA EN VERDE Y NEGRO?, una Gala Ben\u00e9fica conmemorativa de su vig\u00e9simo quinto aniversario fundacional. El acto, broche de oro de los desarrollados para celebrar dicha efem\u00e9ride, sirvi\u00f3 para rendir un homenaje al primer cuarto de siglo de la penitencial femenina y, de forma muy especial, a todas las hermanas que lo han hecho posible, recorriendo las distintas celebraciones de la misma a trav\u00e9s de sus im\u00e1genes: Nuestro Padre Jes\u00fas del Consuelo, la Virgen del Camino, Mar\u00eda Sant\u00edsima del Dulce Nombre y la Cruz Gloriosa. Las intervenciones po\u00e9ticas dedicadas a cada uno de los pasos que procesiona la cofrad\u00eda, hicieron brotar la emoci\u00f3n papona a los asistentes. Tambi\u00e9n se quiso agradecer y reconocer p\u00fablicamente como escoltas oficiales a aquellas que custodian los pasos a lo largo del cortejo procesional: Polic\u00eda Local de Valverde de la Virgen, Gran Gala de la Polic\u00eda Local de Le\u00f3n, Academia B\u00e1sica del Aire de la Virgen del Camino y Polic\u00eda Nacional. En la gala intervinieron las distintas formaciones musicales que acompa\u00f1an a los pasos de Mar\u00eda en la tarde-noche de cada Jueves Santo -las de Jes\u00fas (cornetas y agrupaci\u00f3n musical), Sepulcro y Bienaventuranza- y se cont\u00f3 con la presencia, por primera vez en Le\u00f3n, del cantante sevillano Se\u00f1or Ga\u00f1\u00e1n, quien destaca por ser el primero que compagina el pop con la m\u00fasica procesional y se dispone a presentar un disco compuesto sobre este tipo de piezas musicales. La recaudaci\u00f3n obtenida por la venta de las entradas y la fila 0 ascendi\u00f3 a un total de 2.360?, que fueron entregados durante el acto a REDMADRE, fundaci\u00f3n pro-vida que apoya la maternidad ayudando y atendiendo directamente a mujeres embarazadas con dificultades. La Cofrad\u00eda Mar\u00eda del Dulce Nombre quiere manifestar su profundo agradecimiento a todas aquellas hermanas de la Cofrad\u00eda, p\u00fablico que nos acompa\u00f1\u00f3, Cofrad\u00edas e Instituciones que, con su asistencia, aportaci\u00f3n, trabajo, direcci\u00f3n y participaci\u00f3n han hecho posible este acto, consciente de que sin su colaboraci\u00f3n no se habr\u00eda podido ayudar a esta causa ben\u00e9fica.<\/p>\n","protected":false},"excerpt":{"rendered":"<p>La Cofrad\u00eda Mar\u00eda del Dulce Nombre organiz\u00f3, el pasado 28 de enero, con el Auditorio Ciudad de Le\u00f3n abarrotado de p\u00fablico y el cartel de no hay entradas, ?SINFON\u00cdA EN VERDE Y NEGRO?, una Gala Ben\u00e9fica conmemorativa de su vig\u00e9simo quinto aniversario fundacional. El acto, broche de oro de los desarrollados para celebrar dicha efem\u00e9ride, [&hellip;]<\/p>\n","protected":false},"author":1,"featured_media":0,"comment_status":"open","ping_status":"open","sticky":false,"template":"","format":"standard","meta":{"footnotes":""},"categories":[28],"tags":[],"class_list":["post-5010","post","type-post","status-publish","format-standard","hentry","category-historico"],"_links":{"self":[{"href":"https:\/\/pruebas.cursopracticoseo.com\/wordpress_o\/wp-json\/wp\/v2\/posts\/5010","targetHints":{"allow":["GET"]}}],"collection":[{"href":"https:\/\/pruebas.cursopracticoseo.com\/wordpress_o\/wp-json\/wp\/v2\/posts"}],"about":[{"href":"https:\/\/pruebas.cursopracticoseo.com\/wordpress_o\/wp-json\/wp\/v2\/types\/post"}],"author":[{"embeddable":true,"href":"https:\/\/pruebas.cursopracticoseo.com\/wordpress_o\/wp-json\/wp\/v2\/users\/1"}],"replies":[{"embeddable":true,"href":"https:\/\/pruebas.cursopracticoseo.com\/wordpress_o\/wp-json\/wp\/v2\/comments?post=5010"}],"version-history":[{"count":0,"href":"https:\/\/pruebas.cursopracticoseo.com\/wordpress_o\/wp-json\/wp\/v2\/posts\/5010\/revisions"}],"wp:attachment":[{"href":"https:\/\/pruebas.cursopracticoseo.com\/wordpress_o\/wp-json\/wp\/v2\/media?parent=5010"}],"wp:term":[{"taxonomy":"category","embeddable":true,"href":"https:\/\/pruebas.cursopracticoseo.com\/wordpress_o\/wp-json\/wp\/v2\/categories?post=5010"},{"taxonomy":"post_tag","embeddable":true,"href":"https:\/\/pruebas.cursopracticoseo.com\/wordpress_o\/wp-json\/wp\/v2\/tags?post=5010"}],"curies":[{"name":"wp","href":"https:\/\/api.w.org\/{rel}","templated":true}]}}