{"id":5006,"date":"2017-02-24T00:00:00","date_gmt":"2017-02-24T00:00:00","guid":{"rendered":"https:\/\/pruebas.cursopracticoseo.com\/wordpress_o\/xuasus-gonzalez-clausura-la-biblioteca-cofrade-de-la-bienaventuranza-con-sus-recuerdos\/"},"modified":"2017-02-24T00:00:00","modified_gmt":"2017-02-24T00:00:00","slug":"xuasus-gonzalez-clausura-la-biblioteca-cofrade-de-la-bienaventuranza-con-sus-recuerdos","status":"publish","type":"post","link":"https:\/\/pruebas.cursopracticoseo.com\/wordpress_o\/xuasus-gonzalez-clausura-la-biblioteca-cofrade-de-la-bienaventuranza-con-sus-recuerdos\/","title":{"rendered":"Xuas\u00fas Gonz\u00e1lez clausura la Biblioteca Cofrade de la Bienaventuranza con sus \u00abRecuerdos\u00bb"},"content":{"rendered":"<p>Despu\u00e9s de dos jornadas en las que han sido protagonistas las cofrad\u00edas leonesas fundadas en 1992 y la figura del bracero mayor, la sexta edici\u00f3n de la Biblioteca cofrade llega a su fin con la presentaci\u00f3n del libro Recuerdos. La Semana Santa leonesa vista por Xuas\u00fas Gonz\u00e1lez. Ser\u00e1 el pr\u00f3ximo viernes, 24 de febrero, en la sede de la cofrad\u00eda (C\/ Cipriano de la Huerga, 10) a partir de las 20:00 h. El autor dar\u00e1 a conocer su obra que vio la luz en la Cuaresma del pasado a\u00f1o, en la que plasma una visi\u00f3n muy personal de la celebraci\u00f3n pasional que nace de la publicaci\u00f3n Recuerdos, la cr\u00f3nica que la asociaci\u00f3n La Horqueta comparte cada a\u00f1o en su p\u00e1gina web, y en la que recoge lo que da de s\u00ed la Semana Mayor leonesa. De hecho, Gonz\u00e1lez recopila aqu\u00ed sus propias contribuciones realizadas entre 2006 y 2015, a raz\u00f3n de un d\u00eda diferente por a\u00f1o, completando de esta forma la Semana Santa.<\/p>\n","protected":false},"excerpt":{"rendered":"<p>Despu\u00e9s de dos jornadas en las que han sido protagonistas las cofrad\u00edas leonesas fundadas en 1992 y la figura del bracero mayor, la sexta edici\u00f3n de la Biblioteca cofrade llega a su fin con la presentaci\u00f3n del libro Recuerdos. La Semana Santa leonesa vista por Xuas\u00fas Gonz\u00e1lez. Ser\u00e1 el pr\u00f3ximo viernes, 24 de febrero, en [&hellip;]<\/p>\n","protected":false},"author":1,"featured_media":0,"comment_status":"open","ping_status":"open","sticky":false,"template":"","format":"standard","meta":{"footnotes":""},"categories":[28],"tags":[],"class_list":["post-5006","post","type-post","status-publish","format-standard","hentry","category-historico"],"_links":{"self":[{"href":"https:\/\/pruebas.cursopracticoseo.com\/wordpress_o\/wp-json\/wp\/v2\/posts\/5006","targetHints":{"allow":["GET"]}}],"collection":[{"href":"https:\/\/pruebas.cursopracticoseo.com\/wordpress_o\/wp-json\/wp\/v2\/posts"}],"about":[{"href":"https:\/\/pruebas.cursopracticoseo.com\/wordpress_o\/wp-json\/wp\/v2\/types\/post"}],"author":[{"embeddable":true,"href":"https:\/\/pruebas.cursopracticoseo.com\/wordpress_o\/wp-json\/wp\/v2\/users\/1"}],"replies":[{"embeddable":true,"href":"https:\/\/pruebas.cursopracticoseo.com\/wordpress_o\/wp-json\/wp\/v2\/comments?post=5006"}],"version-history":[{"count":0,"href":"https:\/\/pruebas.cursopracticoseo.com\/wordpress_o\/wp-json\/wp\/v2\/posts\/5006\/revisions"}],"wp:attachment":[{"href":"https:\/\/pruebas.cursopracticoseo.com\/wordpress_o\/wp-json\/wp\/v2\/media?parent=5006"}],"wp:term":[{"taxonomy":"category","embeddable":true,"href":"https:\/\/pruebas.cursopracticoseo.com\/wordpress_o\/wp-json\/wp\/v2\/categories?post=5006"},{"taxonomy":"post_tag","embeddable":true,"href":"https:\/\/pruebas.cursopracticoseo.com\/wordpress_o\/wp-json\/wp\/v2\/tags?post=5006"}],"curies":[{"name":"wp","href":"https:\/\/api.w.org\/{rel}","templated":true}]}}