{"id":5004,"date":"2017-02-26T00:00:00","date_gmt":"2017-02-26T00:00:00","guid":{"rendered":"https:\/\/pruebas.cursopracticoseo.com\/wordpress_o\/maria-aurora-garcia-martin-recibe-el-nombramiento-de-pregonera-de-este-ano\/"},"modified":"2017-02-26T00:00:00","modified_gmt":"2017-02-26T00:00:00","slug":"maria-aurora-garcia-martin-recibe-el-nombramiento-de-pregonera-de-este-ano","status":"publish","type":"post","link":"https:\/\/pruebas.cursopracticoseo.com\/wordpress_o\/maria-aurora-garcia-martin-recibe-el-nombramiento-de-pregonera-de-este-ano\/","title":{"rendered":"Mar\u00eda Aurora Garc\u00eda Mart\u00edn recibe el nombramiento de pregonera de este a\u00f1o"},"content":{"rendered":"<p>Con \u00absatisfacci\u00f3n e ilusi\u00f3n\u00bb, pero tambi\u00e9n con \u00abmucha responsabilidad\u00bb. As\u00ed recibi\u00f3 este s\u00e1bado Mar\u00eda Aurora Garc\u00eda Mart\u00edn el nombramiento como pregonera de la Semana Santa de Le\u00f3n durante un acto organizado por la Junta Mayor en el Palacio del Conde Luna. <\/p>\n<p>Adem\u00e1s de fundadora y secretaria de la cofrad\u00eda de Mar\u00eda del Dulce Nombre de Le\u00f3n entre los a\u00f1os 1991 y 1999, ha sido abadesa y es bracera de los pasos de Nuestra Se\u00f1ora de las L\u00e1grimas y Consolaci\u00f3n de Mar\u00eda de la cofrad\u00eda de Angustias y Soledad y del paso de Mar\u00eda Sant\u00edsima del Dulce Nombre y San Juan Evangelista de la cofrad\u00eda Mar\u00eda del Dulce Nombre de Le\u00f3n.<\/p>\n<p>Adem\u00e1s es hermana de la Ilustre y Fervorosa Hermandad Sacramental de Nuestro Padre Jes\u00fas de la Salud, Mar\u00eda Sant\u00edsima de la Candelaria, Nuestra Se\u00f1ora del Subterr\u00e1neo y San Nicol\u00e1s de Bari (La Candelaria) de Sevilla. y de la Primitiva Archicofrad\u00eda, Pontificia y Real Hermandad de Nazarenos de la Sagrada Entrada de Jes\u00fas en Jerusal\u00e9n, Sant\u00edsimo Cristo del Amor, Nuestra Se\u00f1ora del Socorro y Santiago Ap\u00f3stol (El Amor) de Sevilla, entre otras, seg\u00fan destacaba tambi\u00e9n la Junta Mayor.<\/p>\n","protected":false},"excerpt":{"rendered":"<p>Con \u00absatisfacci\u00f3n e ilusi\u00f3n\u00bb, pero tambi\u00e9n con \u00abmucha responsabilidad\u00bb. As\u00ed recibi\u00f3 este s\u00e1bado Mar\u00eda Aurora Garc\u00eda Mart\u00edn el nombramiento como pregonera de la Semana Santa de Le\u00f3n durante un acto organizado por la Junta Mayor en el Palacio del Conde Luna. Adem\u00e1s de fundadora y secretaria de la cofrad\u00eda de Mar\u00eda del Dulce Nombre de [&hellip;]<\/p>\n","protected":false},"author":1,"featured_media":0,"comment_status":"open","ping_status":"open","sticky":false,"template":"","format":"standard","meta":{"footnotes":""},"categories":[28],"tags":[],"class_list":["post-5004","post","type-post","status-publish","format-standard","hentry","category-historico"],"_links":{"self":[{"href":"https:\/\/pruebas.cursopracticoseo.com\/wordpress_o\/wp-json\/wp\/v2\/posts\/5004","targetHints":{"allow":["GET"]}}],"collection":[{"href":"https:\/\/pruebas.cursopracticoseo.com\/wordpress_o\/wp-json\/wp\/v2\/posts"}],"about":[{"href":"https:\/\/pruebas.cursopracticoseo.com\/wordpress_o\/wp-json\/wp\/v2\/types\/post"}],"author":[{"embeddable":true,"href":"https:\/\/pruebas.cursopracticoseo.com\/wordpress_o\/wp-json\/wp\/v2\/users\/1"}],"replies":[{"embeddable":true,"href":"https:\/\/pruebas.cursopracticoseo.com\/wordpress_o\/wp-json\/wp\/v2\/comments?post=5004"}],"version-history":[{"count":0,"href":"https:\/\/pruebas.cursopracticoseo.com\/wordpress_o\/wp-json\/wp\/v2\/posts\/5004\/revisions"}],"wp:attachment":[{"href":"https:\/\/pruebas.cursopracticoseo.com\/wordpress_o\/wp-json\/wp\/v2\/media?parent=5004"}],"wp:term":[{"taxonomy":"category","embeddable":true,"href":"https:\/\/pruebas.cursopracticoseo.com\/wordpress_o\/wp-json\/wp\/v2\/categories?post=5004"},{"taxonomy":"post_tag","embeddable":true,"href":"https:\/\/pruebas.cursopracticoseo.com\/wordpress_o\/wp-json\/wp\/v2\/tags?post=5004"}],"curies":[{"name":"wp","href":"https:\/\/api.w.org\/{rel}","templated":true}]}}