{"id":5003,"date":"2017-02-28T00:00:00","date_gmt":"2017-02-28T00:00:00","guid":{"rendered":"https:\/\/pruebas.cursopracticoseo.com\/wordpress_o\/agenda-de-la-cofradia-para-la-cuaresma-2017\/"},"modified":"2017-02-28T00:00:00","modified_gmt":"2017-02-28T00:00:00","slug":"agenda-de-la-cofradia-para-la-cuaresma-2017","status":"publish","type":"post","link":"https:\/\/pruebas.cursopracticoseo.com\/wordpress_o\/agenda-de-la-cofradia-para-la-cuaresma-2017\/","title":{"rendered":"Agenda de la Cofrad\u00eda para la Cuaresma 2017"},"content":{"rendered":"<p>Con el inicio de la Cuaresma el pr\u00f3ximo Mi\u00e9rcoles, se aproxima r\u00e1pidamente la Semana Santa, y hasta ese momento la Cofrad\u00eda organiza los siguientes actos: Marzo Mi\u00e9rcoles 1. Mi\u00e9rcoles de Ceniza. Eucarist\u00eda y Devoto Besapi\u00e9 en honor al Sant\u00edsimo Cristo de la Sangre a las 20.00 horas en la Iglesia de El Salvador. Viernes 3. Eucarist\u00eda en honor al Sant\u00edsimo Cristo de la Sed a las 19.30 horas en la Iglesia de Las Ventas; seguidamente presentaci\u00f3n del Cartel de la Cofrad\u00eda para la Semana Santa 2016, concluyendo con un breve concierto por parte de la Banda de M\u00fasica de la Cofrad\u00eda. S\u00e1bado 18. XXI Concierto de Cuaresma a las 20.15 horas en la Iglesia de los PP. Capuchinos. S\u00e1bado 25. Solemne y Devoto Besapi\u00e9 en honor al Sant\u00edsimo Cristo de la Agon\u00eda, concluyendo a las 20.00 horas con Solemne Eucarist\u00eda en honor al Cristo de los Balderas en la Iglesia de San Marcelo. Abril Martes 4, Mi\u00e9rcoles 5 y Jueves 6. Triduo en honor al Sant\u00edsimo Cristo de la Agon\u00eda a las 20.15 horas enl a Iglesia de San Marcelo.<\/p>\n","protected":false},"excerpt":{"rendered":"<p>Con el inicio de la Cuaresma el pr\u00f3ximo Mi\u00e9rcoles, se aproxima r\u00e1pidamente la Semana Santa, y hasta ese momento la Cofrad\u00eda organiza los siguientes actos: Marzo Mi\u00e9rcoles 1. Mi\u00e9rcoles de Ceniza. Eucarist\u00eda y Devoto Besapi\u00e9 en honor al Sant\u00edsimo Cristo de la Sangre a las 20.00 horas en la Iglesia de El Salvador. Viernes 3. [&hellip;]<\/p>\n","protected":false},"author":1,"featured_media":0,"comment_status":"open","ping_status":"open","sticky":false,"template":"","format":"standard","meta":{"footnotes":""},"categories":[28],"tags":[],"class_list":["post-5003","post","type-post","status-publish","format-standard","hentry","category-historico"],"_links":{"self":[{"href":"https:\/\/pruebas.cursopracticoseo.com\/wordpress_o\/wp-json\/wp\/v2\/posts\/5003","targetHints":{"allow":["GET"]}}],"collection":[{"href":"https:\/\/pruebas.cursopracticoseo.com\/wordpress_o\/wp-json\/wp\/v2\/posts"}],"about":[{"href":"https:\/\/pruebas.cursopracticoseo.com\/wordpress_o\/wp-json\/wp\/v2\/types\/post"}],"author":[{"embeddable":true,"href":"https:\/\/pruebas.cursopracticoseo.com\/wordpress_o\/wp-json\/wp\/v2\/users\/1"}],"replies":[{"embeddable":true,"href":"https:\/\/pruebas.cursopracticoseo.com\/wordpress_o\/wp-json\/wp\/v2\/comments?post=5003"}],"version-history":[{"count":0,"href":"https:\/\/pruebas.cursopracticoseo.com\/wordpress_o\/wp-json\/wp\/v2\/posts\/5003\/revisions"}],"wp:attachment":[{"href":"https:\/\/pruebas.cursopracticoseo.com\/wordpress_o\/wp-json\/wp\/v2\/media?parent=5003"}],"wp:term":[{"taxonomy":"category","embeddable":true,"href":"https:\/\/pruebas.cursopracticoseo.com\/wordpress_o\/wp-json\/wp\/v2\/categories?post=5003"},{"taxonomy":"post_tag","embeddable":true,"href":"https:\/\/pruebas.cursopracticoseo.com\/wordpress_o\/wp-json\/wp\/v2\/tags?post=5003"}],"curies":[{"name":"wp","href":"https:\/\/api.w.org\/{rel}","templated":true}]}}