{"id":5002,"date":"2017-03-01T00:00:00","date_gmt":"2017-03-01T00:00:00","guid":{"rendered":"https:\/\/pruebas.cursopracticoseo.com\/wordpress_o\/70-aniversario-del-nacimiento-de-la-junta-mayor\/"},"modified":"2017-03-01T00:00:00","modified_gmt":"2017-03-01T00:00:00","slug":"70-aniversario-del-nacimiento-de-la-junta-mayor","status":"publish","type":"post","link":"https:\/\/pruebas.cursopracticoseo.com\/wordpress_o\/70-aniversario-del-nacimiento-de-la-junta-mayor\/","title":{"rendered":"70 ANIVERSARIO DEL NACIMIENTO DE LA JUNTA MAYOR"},"content":{"rendered":"<p>Hoy, uno de marzo, se cumplen setenta a\u00f1os desde que D. Luis Almarcha Hern\u00e1ndez, Obispo de Le\u00f3n en el a\u00f1o 1947, firmase el Decreto de creaci\u00f3n de la Junta Mayor Pro-Fomento de Procesiones de la Semana Santa de Le\u00f3n, hoy Junta Mayor de Cofrad\u00edas y Hermandades de la Semana Santa de Le\u00f3n. <\/p>\n<p>Se reproduce un extracto del documento fundacional:<\/p>\n<p><b>\u00abCon el fin de fomentar, unificar y procurar el mayor esplendor de las procesiones de Semana Santa, creamos la Junta Mayor Pro-Fomento de Procesiones de Semana Santa de Le\u00f3n, compuesta por el Ilmo. Sr. Vicario General como Presidente efectivo y de los Abades de las Cofrad\u00edas aprobadas, o que aprobare el Ordinario, como pasionales o penitenciales. Dicha Junta podr\u00e1 nombrar los miembros que estime necesarios o convenientes para su mejor funcionamiento\u00bb.<\/b><\/p>\n<p>La Junta Mayor sigue fiel a sus fines fundacionales, habiendo incrementado sus actividades y objetivos adapt\u00e1ndose a las necesidades actuales de nuestra Semana Santa.<\/p>\n<p>Desde estas l\u00edneas agradecemos y recordamos a todas personas e instituciones que han colaborado a lo largo de los a\u00f1os en este proyecto com\u00fan de la Di\u00f3cesis, las Instituciones y los cofrades leoneses.<\/p>\n","protected":false},"excerpt":{"rendered":"<p>Hoy, uno de marzo, se cumplen setenta a\u00f1os desde que D. Luis Almarcha Hern\u00e1ndez, Obispo de Le\u00f3n en el a\u00f1o 1947, firmase el Decreto de creaci\u00f3n de la Junta Mayor Pro-Fomento de Procesiones de la Semana Santa de Le\u00f3n, hoy Junta Mayor de Cofrad\u00edas y Hermandades de la Semana Santa de Le\u00f3n. Se reproduce un [&hellip;]<\/p>\n","protected":false},"author":1,"featured_media":0,"comment_status":"open","ping_status":"open","sticky":false,"template":"","format":"standard","meta":{"footnotes":""},"categories":[28],"tags":[],"class_list":["post-5002","post","type-post","status-publish","format-standard","hentry","category-historico"],"_links":{"self":[{"href":"https:\/\/pruebas.cursopracticoseo.com\/wordpress_o\/wp-json\/wp\/v2\/posts\/5002","targetHints":{"allow":["GET"]}}],"collection":[{"href":"https:\/\/pruebas.cursopracticoseo.com\/wordpress_o\/wp-json\/wp\/v2\/posts"}],"about":[{"href":"https:\/\/pruebas.cursopracticoseo.com\/wordpress_o\/wp-json\/wp\/v2\/types\/post"}],"author":[{"embeddable":true,"href":"https:\/\/pruebas.cursopracticoseo.com\/wordpress_o\/wp-json\/wp\/v2\/users\/1"}],"replies":[{"embeddable":true,"href":"https:\/\/pruebas.cursopracticoseo.com\/wordpress_o\/wp-json\/wp\/v2\/comments?post=5002"}],"version-history":[{"count":0,"href":"https:\/\/pruebas.cursopracticoseo.com\/wordpress_o\/wp-json\/wp\/v2\/posts\/5002\/revisions"}],"wp:attachment":[{"href":"https:\/\/pruebas.cursopracticoseo.com\/wordpress_o\/wp-json\/wp\/v2\/media?parent=5002"}],"wp:term":[{"taxonomy":"category","embeddable":true,"href":"https:\/\/pruebas.cursopracticoseo.com\/wordpress_o\/wp-json\/wp\/v2\/categories?post=5002"},{"taxonomy":"post_tag","embeddable":true,"href":"https:\/\/pruebas.cursopracticoseo.com\/wordpress_o\/wp-json\/wp\/v2\/tags?post=5002"}],"curies":[{"name":"wp","href":"https:\/\/api.w.org\/{rel}","templated":true}]}}