{"id":4988,"date":"2017-03-05T00:00:00","date_gmt":"2017-03-05T00:00:00","guid":{"rendered":"https:\/\/pruebas.cursopracticoseo.com\/wordpress_o\/toma-de-posesion-del-mayordomo-de-la-cofradia-del-santisimo-cristo-de-la-expiracion-y-del-silencio\/"},"modified":"2017-03-05T00:00:00","modified_gmt":"2017-03-05T00:00:00","slug":"toma-de-posesion-del-mayordomo-de-la-cofradia-del-santisimo-cristo-de-la-expiracion-y-del-silencio","status":"publish","type":"post","link":"https:\/\/pruebas.cursopracticoseo.com\/wordpress_o\/toma-de-posesion-del-mayordomo-de-la-cofradia-del-santisimo-cristo-de-la-expiracion-y-del-silencio\/","title":{"rendered":"Toma de Posesi\u00f3n del Mayordomo de la Cofrad\u00eda del Sant\u00edsimo Cristo de la Expiraci\u00f3n y del Silencio."},"content":{"rendered":"<p>El domingo 14 de febrero de 2016 tomar\u00e1 posesi\u00f3n como Mayordomo de la Cofrad\u00eda del Sant\u00edsimo Cristo de la Expiraci\u00f3n y del Silencio, el hermano \u00d3scar Herrero Holguera. La ma\u00f1ana comenzar\u00e1 a las 9:00, cuando los hermanos de la Expiraci\u00f3n salgan de su sede situada en el Convento de San Francisco El Real, para acudir a buscar, acompa\u00f1ados de dulzaina y tamboril, al mayordomo entrante, a su domicilio. Posteriormente se. acudir\u00e1 a la catedral, donde frente al Locus Apelationis, el mayordomo entrante ratificar\u00e1 su compromiso con la cofrad\u00eda. Tras \u00e9ste emotivo acto, a las 12:00 de la ma\u00f1ana tendr\u00e1 lugar una solemne Eucarist\u00eda en la que el Mayordomo tomar\u00e1 posesi\u00f3n de su cargo.<\/p>\n<p>Al terminar la misa se convidar\u00e1 en la sede de la cofrad\u00eda a la tradicional torta de pan, para m\u00e1s tarde acudir a comer y celebrar toda la cofrad\u00eda tan festivo d\u00eda a un restaurante de la capital.<\/p>\n","protected":false},"excerpt":{"rendered":"<p>El domingo 14 de febrero de 2016 tomar\u00e1 posesi\u00f3n como Mayordomo de la Cofrad\u00eda del Sant\u00edsimo Cristo de la Expiraci\u00f3n y del Silencio, el hermano \u00d3scar Herrero Holguera. La ma\u00f1ana comenzar\u00e1 a las 9:00, cuando los hermanos de la Expiraci\u00f3n salgan de su sede situada en el Convento de San Francisco El Real, para acudir [&hellip;]<\/p>\n","protected":false},"author":1,"featured_media":0,"comment_status":"open","ping_status":"open","sticky":false,"template":"","format":"standard","meta":{"footnotes":""},"categories":[28],"tags":[],"class_list":["post-4988","post","type-post","status-publish","format-standard","hentry","category-historico"],"_links":{"self":[{"href":"https:\/\/pruebas.cursopracticoseo.com\/wordpress_o\/wp-json\/wp\/v2\/posts\/4988","targetHints":{"allow":["GET"]}}],"collection":[{"href":"https:\/\/pruebas.cursopracticoseo.com\/wordpress_o\/wp-json\/wp\/v2\/posts"}],"about":[{"href":"https:\/\/pruebas.cursopracticoseo.com\/wordpress_o\/wp-json\/wp\/v2\/types\/post"}],"author":[{"embeddable":true,"href":"https:\/\/pruebas.cursopracticoseo.com\/wordpress_o\/wp-json\/wp\/v2\/users\/1"}],"replies":[{"embeddable":true,"href":"https:\/\/pruebas.cursopracticoseo.com\/wordpress_o\/wp-json\/wp\/v2\/comments?post=4988"}],"version-history":[{"count":0,"href":"https:\/\/pruebas.cursopracticoseo.com\/wordpress_o\/wp-json\/wp\/v2\/posts\/4988\/revisions"}],"wp:attachment":[{"href":"https:\/\/pruebas.cursopracticoseo.com\/wordpress_o\/wp-json\/wp\/v2\/media?parent=4988"}],"wp:term":[{"taxonomy":"category","embeddable":true,"href":"https:\/\/pruebas.cursopracticoseo.com\/wordpress_o\/wp-json\/wp\/v2\/categories?post=4988"},{"taxonomy":"post_tag","embeddable":true,"href":"https:\/\/pruebas.cursopracticoseo.com\/wordpress_o\/wp-json\/wp\/v2\/tags?post=4988"}],"curies":[{"name":"wp","href":"https:\/\/api.w.org\/{rel}","templated":true}]}}