{"id":4987,"date":"2017-03-06T00:00:00","date_gmt":"2017-03-06T00:00:00","guid":{"rendered":"https:\/\/pruebas.cursopracticoseo.com\/wordpress_o\/exposicion-xxv-anos-de-bienaventuranza\/"},"modified":"2017-03-06T00:00:00","modified_gmt":"2017-03-06T00:00:00","slug":"exposicion-xxv-anos-de-bienaventuranza","status":"publish","type":"post","link":"https:\/\/pruebas.cursopracticoseo.com\/wordpress_o\/exposicion-xxv-anos-de-bienaventuranza\/","title":{"rendered":"Exposici\u00f3n XXV a\u00f1os de Bienaventuranza"},"content":{"rendered":"<p>El Sal\u00f3n de los Reyes del Ayuntamiento de Le\u00f3n (plaza de San Marcelo) acoge la exposici\u00f3n ?XXV a\u00f1os de Bienaventuranza? que resume de alguna manera el primer cuarto de siglo de vida de la penitencial de San Claudio. La inauguraci\u00f3n ser\u00e1 el pr\u00f3ximo lunes, 6 de marzo, a las 19:00 h., y podr\u00e1 visitarse hasta el d\u00eda 16 del corriente, en horario de 11:00 h. a 14:00 h. y de 17:00 h. a 21:00 h. de lunes a viernes. La muestra cuenta con todas las im\u00e1genes procesionadas por la cofrad\u00eda a lo largo de su historia, a excepci\u00f3n del Crucificado que sale a la calle cada Jueves Santo, copia del que se venera en la iglesia de San Claudio; mientras que esta \u00faltima s\u00ed que forma parte de la exposici\u00f3n. As\u00ed, adem\u00e1s de esta imagen del Santo Cristo de la Bienaventuranza ?Titular de la cofrad\u00eda?, se encuentran tambi\u00e9n las im\u00e1genes de los otros cuatro pasos que protagonizan en la actualidad la ma\u00f1ana del Jueves ?la Piedad y la Santa Cruz, ambas de Ricardo Flecha; y el Nazareno y la Virgen de la Misericordia, obras de Ana Rey y \u00c1ngel Pantoja?, adem\u00e1s de la Santa Cruz con la que cuentan las Clarisas, las Piedades de Sahag\u00fan y de Bo\u00f1ar, el Nazareno de esta \u00faltima localidad, y el tambi\u00e9n Nazareno y la Virgen de la Pasi\u00f3n, obras de Jos\u00e9 Luis Casanova y propiedad de la cofrad\u00eda. Al margen de las im\u00e1genes, la exposici\u00f3n se completa con otros elementos, como las antiguas bienaventuranzas ?leitmotiv de la cofrad\u00eda?, t\u00fanicas, guiones, fotograf\u00edas ?la Bienaventuranza vista por diferentes autores?, documentaci\u00f3n diversa? que permitir\u00e1n al visitante hacerse una idea de la evoluci\u00f3n de la cofrad\u00eda en estos primeros veinticinco a\u00f1os.<\/p>\n","protected":false},"excerpt":{"rendered":"<p>El Sal\u00f3n de los Reyes del Ayuntamiento de Le\u00f3n (plaza de San Marcelo) acoge la exposici\u00f3n ?XXV a\u00f1os de Bienaventuranza? que resume de alguna manera el primer cuarto de siglo de vida de la penitencial de San Claudio. La inauguraci\u00f3n ser\u00e1 el pr\u00f3ximo lunes, 6 de marzo, a las 19:00 h., y podr\u00e1 visitarse hasta [&hellip;]<\/p>\n","protected":false},"author":1,"featured_media":0,"comment_status":"open","ping_status":"open","sticky":false,"template":"","format":"standard","meta":{"footnotes":""},"categories":[28],"tags":[],"class_list":["post-4987","post","type-post","status-publish","format-standard","hentry","category-historico"],"_links":{"self":[{"href":"https:\/\/pruebas.cursopracticoseo.com\/wordpress_o\/wp-json\/wp\/v2\/posts\/4987","targetHints":{"allow":["GET"]}}],"collection":[{"href":"https:\/\/pruebas.cursopracticoseo.com\/wordpress_o\/wp-json\/wp\/v2\/posts"}],"about":[{"href":"https:\/\/pruebas.cursopracticoseo.com\/wordpress_o\/wp-json\/wp\/v2\/types\/post"}],"author":[{"embeddable":true,"href":"https:\/\/pruebas.cursopracticoseo.com\/wordpress_o\/wp-json\/wp\/v2\/users\/1"}],"replies":[{"embeddable":true,"href":"https:\/\/pruebas.cursopracticoseo.com\/wordpress_o\/wp-json\/wp\/v2\/comments?post=4987"}],"version-history":[{"count":0,"href":"https:\/\/pruebas.cursopracticoseo.com\/wordpress_o\/wp-json\/wp\/v2\/posts\/4987\/revisions"}],"wp:attachment":[{"href":"https:\/\/pruebas.cursopracticoseo.com\/wordpress_o\/wp-json\/wp\/v2\/media?parent=4987"}],"wp:term":[{"taxonomy":"category","embeddable":true,"href":"https:\/\/pruebas.cursopracticoseo.com\/wordpress_o\/wp-json\/wp\/v2\/categories?post=4987"},{"taxonomy":"post_tag","embeddable":true,"href":"https:\/\/pruebas.cursopracticoseo.com\/wordpress_o\/wp-json\/wp\/v2\/tags?post=4987"}],"curies":[{"name":"wp","href":"https:\/\/api.w.org\/{rel}","templated":true}]}}