{"id":4985,"date":"2017-03-08T00:00:00","date_gmt":"2017-03-08T00:00:00","guid":{"rendered":"https:\/\/pruebas.cursopracticoseo.com\/wordpress_o\/fallece-d-enrique-garcia-centeno-director-nato-de-nuestra-cofradia\/"},"modified":"2017-03-08T00:00:00","modified_gmt":"2017-03-08T00:00:00","slug":"fallece-d-enrique-garcia-centeno-director-nato-de-nuestra-cofradia","status":"publish","type":"post","link":"https:\/\/pruebas.cursopracticoseo.com\/wordpress_o\/fallece-d-enrique-garcia-centeno-director-nato-de-nuestra-cofradia\/","title":{"rendered":"Fallece D. Enrique Garc\u00eda Centeno, Director Nato de nuestra Cofrad\u00eda"},"content":{"rendered":"<p>En la madrugada del 7 de marzo del 2017 ha fallecido D. Enrique Garc\u00eda Centeno, Cura P\u00e1rroco de la Iglesia de Ntra. Sra. del Mercado, y Director Nato de nuestra Cofrad\u00eda y de la de Ntra. Sra. de las Angustias y Soledad. El velatorio tendr\u00e1 lugar en la propia Iglesia Parroquial de Ntra. Sra. del Mercado durante todo el d\u00eda y noche de hoy, siendo la misa de funeral ma\u00f1ana, d\u00eda 8 de marzo, a las 16:30 horas en dicha Iglesia. Dale Se\u00f1or el descanso eterno, y brille para \u00e9l la luz perpetua. Descanse en Paz.<\/p>\n","protected":false},"excerpt":{"rendered":"<p>En la madrugada del 7 de marzo del 2017 ha fallecido D. Enrique Garc\u00eda Centeno, Cura P\u00e1rroco de la Iglesia de Ntra. Sra. del Mercado, y Director Nato de nuestra Cofrad\u00eda y de la de Ntra. Sra. de las Angustias y Soledad. El velatorio tendr\u00e1 lugar en la propia Iglesia Parroquial de Ntra. Sra. del [&hellip;]<\/p>\n","protected":false},"author":1,"featured_media":0,"comment_status":"open","ping_status":"open","sticky":false,"template":"","format":"standard","meta":{"footnotes":""},"categories":[28],"tags":[],"class_list":["post-4985","post","type-post","status-publish","format-standard","hentry","category-historico"],"_links":{"self":[{"href":"https:\/\/pruebas.cursopracticoseo.com\/wordpress_o\/wp-json\/wp\/v2\/posts\/4985","targetHints":{"allow":["GET"]}}],"collection":[{"href":"https:\/\/pruebas.cursopracticoseo.com\/wordpress_o\/wp-json\/wp\/v2\/posts"}],"about":[{"href":"https:\/\/pruebas.cursopracticoseo.com\/wordpress_o\/wp-json\/wp\/v2\/types\/post"}],"author":[{"embeddable":true,"href":"https:\/\/pruebas.cursopracticoseo.com\/wordpress_o\/wp-json\/wp\/v2\/users\/1"}],"replies":[{"embeddable":true,"href":"https:\/\/pruebas.cursopracticoseo.com\/wordpress_o\/wp-json\/wp\/v2\/comments?post=4985"}],"version-history":[{"count":0,"href":"https:\/\/pruebas.cursopracticoseo.com\/wordpress_o\/wp-json\/wp\/v2\/posts\/4985\/revisions"}],"wp:attachment":[{"href":"https:\/\/pruebas.cursopracticoseo.com\/wordpress_o\/wp-json\/wp\/v2\/media?parent=4985"}],"wp:term":[{"taxonomy":"category","embeddable":true,"href":"https:\/\/pruebas.cursopracticoseo.com\/wordpress_o\/wp-json\/wp\/v2\/categories?post=4985"},{"taxonomy":"post_tag","embeddable":true,"href":"https:\/\/pruebas.cursopracticoseo.com\/wordpress_o\/wp-json\/wp\/v2\/tags?post=4985"}],"curies":[{"name":"wp","href":"https:\/\/api.w.org\/{rel}","templated":true}]}}