{"id":4983,"date":"2017-03-08T00:00:00","date_gmt":"2017-03-08T00:00:00","guid":{"rendered":"https:\/\/pruebas.cursopracticoseo.com\/wordpress_o\/in-memorian-d-enrique-garcia-centeno\/"},"modified":"2017-03-08T00:00:00","modified_gmt":"2017-03-08T00:00:00","slug":"in-memorian-d-enrique-garcia-centeno","status":"publish","type":"post","link":"https:\/\/pruebas.cursopracticoseo.com\/wordpress_o\/in-memorian-d-enrique-garcia-centeno\/","title":{"rendered":"IN MEMORIAN: D. ENRIQUE GARC\u00cdA CENTENO"},"content":{"rendered":"<p>La Junta Mayor de la Semana Santa de Le\u00f3n, en nombre de todas las Cofrad\u00edas y Hermandades de la Semana Santa de la ciudad y en el suyo propio, lamenta, profundamente, el fallecimiento del Rvdo. Sr. D. Enrique Garc\u00eda Centeno, Ec\u00f3nomo de la Parroquia de Nuestra Se\u00f1ora del Mercado, Rector de la Iglesia de Santa Nonia y Director Nato de las Cofrad\u00edas de Nuestra Se\u00f1ora de las Angustias y Soledad y Dulce Nombre de Jes\u00fas Nazareno. <\/p>\n<p>D. Enrique naci\u00f3 en Valderas (Le\u00f3n) el ocho de marzo de 1935. Fue ordenado sacerdote el veintiocho de marzo de 1959, iniciando la tarea sacerdotal en su localidad natal. Ha estado vinculado a la Semana Santa de Le\u00f3n, a trav\u00e9s de la organizaci\u00f3n de la Procesi\u00f3n de la Dolorosa, desde el uno de octubre de 1960, fecha de su nombramiento como Coadjutor de la Parroquia de Nuestra Se\u00f1ora del Mercado, y, posteriormente, como Ec\u00f3nomo desde el 30 de junio de 1971 hasta la actualidad. El 21 de diciembre de 1987 fue nombrado Rector de la Iglesia de Santa Nonia, ejerciendo como Director Nato de las dos cofrad\u00edas que tienen all\u00ed su sede can\u00f3nica. El trece noviembre de 2003 fue nombrado Delegado Episcopal para la Junta Mayor de la Semana Santa, cargo que desempe\u00f1\u00f3 hasta el 23 de septiembre de 2014.<\/p>\n<p>Adem\u00e1s, ha servido en otras tareas diocesanas como Confesor ordinario del Seminario Menor, Miembro del Consejo Presbiteral, Capell\u00e1n de las MM. Concepcionistas, Examinador prosinodal y Arcipreste de Nuestra Se\u00f1ora del Arciprestazgo de Nuestra Se\u00f1ora del Mercado, en varias ocasiones.<\/p>\n<p>Nos unimos en el dolor a sus familiares, Obispo Diocesano, Sacerdotes, Abades, Juntas de Gobierno y hermanos de las Cofrad\u00edas de Nuestra Se\u00f1ora de las Angustias y Soledad y Dulce Nombre de Jes\u00fas Nazareno, feligres\u00eda de la Parroquia de Nuestra Se\u00f1ora del Mercado, cofrades leoneses y amigos.<\/p>\n<p>Agradecemos, de coraz\u00f3n, su dedicaci\u00f3n y entrega a las cofrad\u00edas y hermandades de la ciudad, elevamos nuestras oraciones por el eterno descanso de su alma y confiamos en que se encontrar\u00e1 disfrutando de la presencia de Dios Padre, acompa\u00f1ado<\/p>\n","protected":false},"excerpt":{"rendered":"<p>La Junta Mayor de la Semana Santa de Le\u00f3n, en nombre de todas las Cofrad\u00edas y Hermandades de la Semana Santa de la ciudad y en el suyo propio, lamenta, profundamente, el fallecimiento del Rvdo. Sr. D. Enrique Garc\u00eda Centeno, Ec\u00f3nomo de la Parroquia de Nuestra Se\u00f1ora del Mercado, Rector de la Iglesia de Santa [&hellip;]<\/p>\n","protected":false},"author":1,"featured_media":0,"comment_status":"open","ping_status":"open","sticky":false,"template":"","format":"standard","meta":{"footnotes":""},"categories":[28],"tags":[],"class_list":["post-4983","post","type-post","status-publish","format-standard","hentry","category-historico"],"_links":{"self":[{"href":"https:\/\/pruebas.cursopracticoseo.com\/wordpress_o\/wp-json\/wp\/v2\/posts\/4983","targetHints":{"allow":["GET"]}}],"collection":[{"href":"https:\/\/pruebas.cursopracticoseo.com\/wordpress_o\/wp-json\/wp\/v2\/posts"}],"about":[{"href":"https:\/\/pruebas.cursopracticoseo.com\/wordpress_o\/wp-json\/wp\/v2\/types\/post"}],"author":[{"embeddable":true,"href":"https:\/\/pruebas.cursopracticoseo.com\/wordpress_o\/wp-json\/wp\/v2\/users\/1"}],"replies":[{"embeddable":true,"href":"https:\/\/pruebas.cursopracticoseo.com\/wordpress_o\/wp-json\/wp\/v2\/comments?post=4983"}],"version-history":[{"count":0,"href":"https:\/\/pruebas.cursopracticoseo.com\/wordpress_o\/wp-json\/wp\/v2\/posts\/4983\/revisions"}],"wp:attachment":[{"href":"https:\/\/pruebas.cursopracticoseo.com\/wordpress_o\/wp-json\/wp\/v2\/media?parent=4983"}],"wp:term":[{"taxonomy":"category","embeddable":true,"href":"https:\/\/pruebas.cursopracticoseo.com\/wordpress_o\/wp-json\/wp\/v2\/categories?post=4983"},{"taxonomy":"post_tag","embeddable":true,"href":"https:\/\/pruebas.cursopracticoseo.com\/wordpress_o\/wp-json\/wp\/v2\/tags?post=4983"}],"curies":[{"name":"wp","href":"https:\/\/api.w.org\/{rel}","templated":true}]}}