{"id":4976,"date":"2017-03-12T00:00:00","date_gmt":"2017-03-12T00:00:00","guid":{"rendered":"https:\/\/pruebas.cursopracticoseo.com\/wordpress_o\/jornadas-de-exaltacion-de-la-semana-santa\/"},"modified":"2017-03-12T00:00:00","modified_gmt":"2017-03-12T00:00:00","slug":"jornadas-de-exaltacion-de-la-semana-santa","status":"publish","type":"post","link":"https:\/\/pruebas.cursopracticoseo.com\/wordpress_o\/jornadas-de-exaltacion-de-la-semana-santa\/","title":{"rendered":"JORNADAS DE EXALTACI\u00d3N DE LA SEMANA SANTA"},"content":{"rendered":"<p>La Junta Mayor de la Semana Santa de Le\u00f3n organiza las Jornadas de exaltaci\u00f3n de la Semana Santa, que se celebrar\u00e1n durante el pr\u00f3ximo fin de semana, del 10 al 12 de marzo. <\/p>\n<p>En esta actividad, recuperada de la costumbre cofrade leonesa, tendremos la oportunidad de compartir momentos de conocimiento de nuestra Semana Santa y de acercarnos a otras realidades cofrades de la Semana Santa en Espa\u00f1a.<\/p>\n<p>El viernes 10 a trav\u00e9s de un recorrido po\u00e9tico musical denominado ?Ruta de los Conventos?, se podr\u00e1n revivir intensos momentos de la vida cofrade en diversos templos de nuestra ciudad. Dar\u00e1 comienzo a las 20:15 horas frente al Ayuntamiento de San Marcelo para recorrer los siguientes templos: San Francisco, Concepcionistas, Ntra. Sra. Del Mercado, San Mart\u00edn, Clarisas, Santa Marina y San Marcelo. En cada una de las paradas se mezclar\u00e1n aspectos hist\u00f3ricos, po\u00e9ticos, religiosos, musicales, costumbristas, lit\u00fargicos, etc. de nuestra Semana Santa. Acompa\u00f1ar\u00e1 el recorrido la Agrupaci\u00f3n Musical de la Cofrad\u00eda Dulce Nombre de Jes\u00fas Nazareno.<\/p>\n<p>El s\u00e1bado 11 a las 19:30 en el Sal\u00f3n del Torre\u00f3n del Palacio del Conde Luna tendremos oportunidad de conocer la Semana Santa de Huesca, dentro de la actividad denominada ?Semblanzas de la Semana Santa? y como correspondencia y continuaci\u00f3n a la visita realizada el a\u00f1o pasado a la capital oscense por diversos miembros de la Junta Mayor de la Semana Santa de Le\u00f3n. Entre otras actividades escucharemos un preg\u00f3n pronunciado por D\u00aa Gloria Ruiz Picazo, destacada conocedora de la Semana Santa de la ciudad del norte de Arag\u00f3n.<\/p>\n<p>La jornada finalizar\u00e1 con una cena de hermandad en honor de nuestros hermanos de Huesca. Para m\u00e1s informaci\u00f3n en el correo electr\u00f3nico juntamayor.leon@gmail.com o en el tel\u00e9fono 686 149 444.<\/p>\n","protected":false},"excerpt":{"rendered":"<p>La Junta Mayor de la Semana Santa de Le\u00f3n organiza las Jornadas de exaltaci\u00f3n de la Semana Santa, que se celebrar\u00e1n durante el pr\u00f3ximo fin de semana, del 10 al 12 de marzo. En esta actividad, recuperada de la costumbre cofrade leonesa, tendremos la oportunidad de compartir momentos de conocimiento de nuestra Semana Santa y [&hellip;]<\/p>\n","protected":false},"author":1,"featured_media":0,"comment_status":"open","ping_status":"open","sticky":false,"template":"","format":"standard","meta":{"footnotes":""},"categories":[28],"tags":[],"class_list":["post-4976","post","type-post","status-publish","format-standard","hentry","category-historico"],"_links":{"self":[{"href":"https:\/\/pruebas.cursopracticoseo.com\/wordpress_o\/wp-json\/wp\/v2\/posts\/4976","targetHints":{"allow":["GET"]}}],"collection":[{"href":"https:\/\/pruebas.cursopracticoseo.com\/wordpress_o\/wp-json\/wp\/v2\/posts"}],"about":[{"href":"https:\/\/pruebas.cursopracticoseo.com\/wordpress_o\/wp-json\/wp\/v2\/types\/post"}],"author":[{"embeddable":true,"href":"https:\/\/pruebas.cursopracticoseo.com\/wordpress_o\/wp-json\/wp\/v2\/users\/1"}],"replies":[{"embeddable":true,"href":"https:\/\/pruebas.cursopracticoseo.com\/wordpress_o\/wp-json\/wp\/v2\/comments?post=4976"}],"version-history":[{"count":0,"href":"https:\/\/pruebas.cursopracticoseo.com\/wordpress_o\/wp-json\/wp\/v2\/posts\/4976\/revisions"}],"wp:attachment":[{"href":"https:\/\/pruebas.cursopracticoseo.com\/wordpress_o\/wp-json\/wp\/v2\/media?parent=4976"}],"wp:term":[{"taxonomy":"category","embeddable":true,"href":"https:\/\/pruebas.cursopracticoseo.com\/wordpress_o\/wp-json\/wp\/v2\/categories?post=4976"},{"taxonomy":"post_tag","embeddable":true,"href":"https:\/\/pruebas.cursopracticoseo.com\/wordpress_o\/wp-json\/wp\/v2\/tags?post=4976"}],"curies":[{"name":"wp","href":"https:\/\/api.w.org\/{rel}","templated":true}]}}