{"id":4968,"date":"2017-03-18T00:00:00","date_gmt":"2017-03-18T00:00:00","guid":{"rendered":"https:\/\/pruebas.cursopracticoseo.com\/wordpress_o\/xxi-concierto-de-cuaresma-de-las-siete-palabras\/"},"modified":"2017-03-18T00:00:00","modified_gmt":"2017-03-18T00:00:00","slug":"xxi-concierto-de-cuaresma-de-las-siete-palabras","status":"publish","type":"post","link":"https:\/\/pruebas.cursopracticoseo.com\/wordpress_o\/xxi-concierto-de-cuaresma-de-las-siete-palabras\/","title":{"rendered":"XXI Concierto de Cuaresma de las Siete Palabras"},"content":{"rendered":"<p>Otro a\u00f1o m\u00e1s, y ya son veintiuno, la Cofrad\u00eda de las Siete Palabras organiza el tradicional concierto de Cuaresma el pr\u00f3ximo s\u00e1bado 18 de marzo, a las 20.15 horas en la Iglesia de los Padres Capuchinos. En esta ocasi\u00f3n la Banda de M\u00fasica estrenar\u00e1, e incorporar\u00e1 a su repertorio, la marcha Mi Amargura de D. V\u00edctor Manuel Ferrer Castillo. Asimismo, en el transcurso del concierto tendr\u00e1 lugar un acto de reconocimiento a la Banda de M\u00fasica de la Cofrad\u00eda de las Siete Palabras por parte de los braceros del paso de la S\u00e9ptima Palabra con motivo de la celebraci\u00f3n del 25 Aniversario de la puesta a hombros del Sant\u00edsimo Cristo de la Agon\u00eda, imagen titular de la Cofrad\u00eda.<\/p>\n","protected":false},"excerpt":{"rendered":"<p>Otro a\u00f1o m\u00e1s, y ya son veintiuno, la Cofrad\u00eda de las Siete Palabras organiza el tradicional concierto de Cuaresma el pr\u00f3ximo s\u00e1bado 18 de marzo, a las 20.15 horas en la Iglesia de los Padres Capuchinos. En esta ocasi\u00f3n la Banda de M\u00fasica estrenar\u00e1, e incorporar\u00e1 a su repertorio, la marcha Mi Amargura de D. [&hellip;]<\/p>\n","protected":false},"author":1,"featured_media":0,"comment_status":"open","ping_status":"open","sticky":false,"template":"","format":"standard","meta":{"footnotes":""},"categories":[28],"tags":[],"class_list":["post-4968","post","type-post","status-publish","format-standard","hentry","category-historico"],"_links":{"self":[{"href":"https:\/\/pruebas.cursopracticoseo.com\/wordpress_o\/wp-json\/wp\/v2\/posts\/4968","targetHints":{"allow":["GET"]}}],"collection":[{"href":"https:\/\/pruebas.cursopracticoseo.com\/wordpress_o\/wp-json\/wp\/v2\/posts"}],"about":[{"href":"https:\/\/pruebas.cursopracticoseo.com\/wordpress_o\/wp-json\/wp\/v2\/types\/post"}],"author":[{"embeddable":true,"href":"https:\/\/pruebas.cursopracticoseo.com\/wordpress_o\/wp-json\/wp\/v2\/users\/1"}],"replies":[{"embeddable":true,"href":"https:\/\/pruebas.cursopracticoseo.com\/wordpress_o\/wp-json\/wp\/v2\/comments?post=4968"}],"version-history":[{"count":0,"href":"https:\/\/pruebas.cursopracticoseo.com\/wordpress_o\/wp-json\/wp\/v2\/posts\/4968\/revisions"}],"wp:attachment":[{"href":"https:\/\/pruebas.cursopracticoseo.com\/wordpress_o\/wp-json\/wp\/v2\/media?parent=4968"}],"wp:term":[{"taxonomy":"category","embeddable":true,"href":"https:\/\/pruebas.cursopracticoseo.com\/wordpress_o\/wp-json\/wp\/v2\/categories?post=4968"},{"taxonomy":"post_tag","embeddable":true,"href":"https:\/\/pruebas.cursopracticoseo.com\/wordpress_o\/wp-json\/wp\/v2\/tags?post=4968"}],"curies":[{"name":"wp","href":"https:\/\/api.w.org\/{rel}","templated":true}]}}