{"id":4965,"date":"2017-03-21T00:00:00","date_gmt":"2017-03-21T00:00:00","guid":{"rendered":"https:\/\/pruebas.cursopracticoseo.com\/wordpress_o\/balance-de-las-jornadas-de-exaltacion-de-la-semana-santa\/"},"modified":"2017-03-21T00:00:00","modified_gmt":"2017-03-21T00:00:00","slug":"balance-de-las-jornadas-de-exaltacion-de-la-semana-santa","status":"publish","type":"post","link":"https:\/\/pruebas.cursopracticoseo.com\/wordpress_o\/balance-de-las-jornadas-de-exaltacion-de-la-semana-santa\/","title":{"rendered":"BALANCE DE LAS JORNADAS DE EXALTACI\u00d3N DE LA SEMANA SANTA"},"content":{"rendered":"<p>Las Jornadas de exaltaci\u00f3n de la Semana Santa, han concluido con una positiva valoraci\u00f3n de las experiencias compartidas con los miembros de la Archicofrad\u00eda de la Sant\u00edsima Vera Cruz de Huesca, entidad equivalente a la Junta Mayor para la capital del alto Arag\u00f3n. <\/p>\n<p>El viernes 10 de marzo, a media tarde, se daba inicio a un fin de semana plagado de actos. Comenzando por una visita a la exposici\u00f3n organizada por la Cofrad\u00eda Santo Cristo de la Bienaventuranza con motivo de su XXV aniversario, la recepci\u00f3n por el Primer Teniente de Alcalde, D. Fernando Salguero, la inauguraci\u00f3n de la exposici\u00f3n sobre la Soledad de la Real Cofrad\u00eda de Minerva y Vera Cruz. Y la denominada ?Ruta de los Conventos? que recorri\u00f3 San Francisco, Concepcionistas, Ntra. Sra. Del Mercado, San Mart\u00edn, Clarisas, Santa Marina y San Marcelo, templos en los que se pudo contemplar de un modo resumido la vivencia cofrade a trav\u00e9s de la historia, la m\u00fasica, la poes\u00eda, la oraci\u00f3n, la liturgia, la costumbre y el patrimonio que las cofrad\u00edas tienen all\u00ed expuesto.<\/p>\n<p>Un recorrido acompa\u00f1ado por la Agrupaci\u00f3n Musical de la Cofrad\u00eda del Dulce Nombre de Jes\u00fas Nazareno y que cont\u00f3 con la intervenci\u00f3n de D. Manuel \u00c1ngel Fern\u00e1ndez D\u00edez, D. Carlos Garc\u00eda Rioja, el Mayordomo y hermanos de la Cofrad\u00eda del Sant\u00edsimo Cristo de la Expiraci\u00f3n y del Silencio, D. Jos\u00e9 Antonio Fresno Castro, las RRMM. Concepcionistas, hermanos de la Cofrad\u00eda Santo Sepulcro-Esperanza de la Vida, Asociaci\u00f3n San Pedro del Castro, D. Javier Fern\u00e1ndez Zard\u00f3n, Pap\u00e1 Quijano, D. Jorge Revenga S\u00e1nchez, D. Xuas\u00fas Gonz\u00e1lez, D. Alberto Espadas, las RRMM Clarisas, D. Manuel J\u00e1\u00f1ez Gallego, D\u00aa Laura Cordero Carro, hermanos de la Cofrad\u00eda Santo Cristo del Desenclavo, hermanas de la Cofrad\u00eda de la Agon\u00eda de Nuestro Se\u00f1or, D. Mario D\u00edez-Ord\u00e1s Berciano y la banda de m\u00fasica de la Cofrad\u00eda de la Siete Palabras de Jes\u00fas en la Cruz.<\/p>\n<p>El s\u00e1bado se inici\u00f3 con la visita a diferentes puntos de inter\u00e9s de la ciudad de Le\u00f3n acompa\u00f1ando al grupo de cofrades llegados de Huesca. La tarde comenz\u00f3 con la participaci\u00f3n en el Besapi\u00e9 a Nuestro Padre Jes\u00fas Nazareno en su capilla de Santa Nonia. Posteriormente se visitaron las instalaciones de la Real Cofrad\u00eda de Minerva y Vera Cruz en la Avenida de Independencia.<\/p>\n<p>La Jornada continu\u00f3 con el momento m\u00e1s desconocido para los leoneses: D. Jos\u00e9 Luis G\u00f3mez Mairal en representaci\u00f3n de la Archicofrad\u00eda de la Santa Vera Cruz de Huesca, introdujo y present\u00f3 a D\u00aa Gloria Ruiz Picazo que pronunci\u00f3 una interesante y completa conferencia sobre la vivencia cofrade, las im\u00e1genes y tradiciones de la Semana Santa Oscense, en una brillante disertaci\u00f3n para la que no utiliz\u00f3 texto escrito alguno. Adem\u00e1s se pudieron visionar tres v\u00eddeos con tem\u00e1tica cofrade. El primero de ellos sobre la ciudad de Huesca, sus monumentos y procesiones. El segundo con todo el patrimonio escult\u00f3rico que se procesiona en la capital del Alto Arag\u00f3n acompa\u00f1ado del sonido de Los Ministriles, caracter\u00edstico de la Semana Santa de Huesca. Y, finalmente, otro v\u00eddeo sobre la presencia de Mar\u00eda en la pasi\u00f3n de Cristo. Un cortometraje que participar\u00e1 en diferentes concursos de cine y ser\u00e1 utilizado por el Obispado de Huesca en la catequesis previa a la Semana Santa.<\/p>\n<p>El d\u00eda se cerr\u00f3 con una cena de hermandad en un c\u00e9ntrico restaurante de la ciudad.<\/p>\n<p>La ma\u00f1ana del domingo comenz\u00f3 con la visita a la Iglesia de San Francisco de la Vega de la mano de la Cofrad\u00eda del Santo Cristo del Perd\u00f3n, para continuar con la participaci\u00f3n en la Misa Conventual de la Santa Iglesia Catedral. El resto de la jornada permiti\u00f3 mostrar, a los cofrades de Huesca, el patrimonio custodiado en las Hermandad de Jes\u00fas Divino Obrero, San Marcos, Capilla del CHF y casa de hermandad de Angustias y Soledad. En todas ellas acompa\u00f1adas por miembros de las cofrad\u00edas y hermandades que tienen all\u00ed sus im\u00e1genes.<\/p>\n<p>Unas interesantes jornadas de intercambio cofrade que han descubierto a los leoneses la Semana Santa de la ciudad de Huesca, y a los hermanos aragoneses la Semana Santa de Le\u00f3n a trav\u00e9s de la exaltaci\u00f3n de diferentes actos y cultos de nuestra Semana Mayor.<\/p>\n<p>La Junta Mayor de la Semana Santa agradece p\u00fablicamente a cuantas personas, entidades, instituciones, cofrad\u00edas y hermandades hicieron posible estas jornadas de exaltaci\u00f3n de nuestra Semana Santa. Y de modo muy especial a los cofrades oscenses que nos visitaron para acercarnos su vivencia cofrade y nos ofrecieron una muestra m\u00e1s de la hermandad que une a las dos ciudades con un mismo sentimiento: La Semana Santa.<\/p>\n","protected":false},"excerpt":{"rendered":"<p>Las Jornadas de exaltaci\u00f3n de la Semana Santa, han concluido con una positiva valoraci\u00f3n de las experiencias compartidas con los miembros de la Archicofrad\u00eda de la Sant\u00edsima Vera Cruz de Huesca, entidad equivalente a la Junta Mayor para la capital del alto Arag\u00f3n. El viernes 10 de marzo, a media tarde, se daba inicio a [&hellip;]<\/p>\n","protected":false},"author":1,"featured_media":0,"comment_status":"open","ping_status":"open","sticky":false,"template":"","format":"standard","meta":{"footnotes":""},"categories":[28],"tags":[],"class_list":["post-4965","post","type-post","status-publish","format-standard","hentry","category-historico"],"_links":{"self":[{"href":"https:\/\/pruebas.cursopracticoseo.com\/wordpress_o\/wp-json\/wp\/v2\/posts\/4965","targetHints":{"allow":["GET"]}}],"collection":[{"href":"https:\/\/pruebas.cursopracticoseo.com\/wordpress_o\/wp-json\/wp\/v2\/posts"}],"about":[{"href":"https:\/\/pruebas.cursopracticoseo.com\/wordpress_o\/wp-json\/wp\/v2\/types\/post"}],"author":[{"embeddable":true,"href":"https:\/\/pruebas.cursopracticoseo.com\/wordpress_o\/wp-json\/wp\/v2\/users\/1"}],"replies":[{"embeddable":true,"href":"https:\/\/pruebas.cursopracticoseo.com\/wordpress_o\/wp-json\/wp\/v2\/comments?post=4965"}],"version-history":[{"count":0,"href":"https:\/\/pruebas.cursopracticoseo.com\/wordpress_o\/wp-json\/wp\/v2\/posts\/4965\/revisions"}],"wp:attachment":[{"href":"https:\/\/pruebas.cursopracticoseo.com\/wordpress_o\/wp-json\/wp\/v2\/media?parent=4965"}],"wp:term":[{"taxonomy":"category","embeddable":true,"href":"https:\/\/pruebas.cursopracticoseo.com\/wordpress_o\/wp-json\/wp\/v2\/categories?post=4965"},{"taxonomy":"post_tag","embeddable":true,"href":"https:\/\/pruebas.cursopracticoseo.com\/wordpress_o\/wp-json\/wp\/v2\/tags?post=4965"}],"curies":[{"name":"wp","href":"https:\/\/api.w.org\/{rel}","templated":true}]}}