{"id":4957,"date":"2017-03-26T00:00:00","date_gmt":"2017-03-26T00:00:00","guid":{"rendered":"https:\/\/pruebas.cursopracticoseo.com\/wordpress_o\/vi-semana-cultural\/"},"modified":"2017-03-26T00:00:00","modified_gmt":"2017-03-26T00:00:00","slug":"vi-semana-cultural","status":"publish","type":"post","link":"https:\/\/pruebas.cursopracticoseo.com\/wordpress_o\/vi-semana-cultural\/","title":{"rendered":"VI SEMANA CULTURAL"},"content":{"rendered":"<p>La Cofrad\u00eda Santo Cristo del Perd\u00f3n organiza la VI SEMANA CULTURAL Y EL II CERTAMEN DE MUSICA PROCESIONAL desde el d\u00eda 20 al 26 de marzo y con los siguientes horarios: <br \/> &#8211; De 12:00 a 14:00 horas<br \/> &#8211; De 17:30 a 22:00 horas <\/p>\n<p>Ambos actos se albergaran en el PALACIN, (futuro Palacio de Congresos de Le\u00f3n) en la Avda. Doctor Fleming. Esta VI Semana Cultural servir\u00e1 de homenaje al Escultor leon\u00e9s D. Manuel L\u00f3pez Becker, exponiendo toda la Imaginer\u00eda que forma parte del Patrimonio de las siguientes Cofrad\u00edas y que procesionan durante su Semana Santa:<\/p>\n<ul>\n<li>Cofrad\u00eda Santo Cristo del Desenclavo. Le\u00f3n<\/li>\n<li>Real Cofrad\u00eda de Minerva y Vera Cruz. Le\u00f3n<\/li>\n<li>Cofrad\u00eda Virgen de la Soledad y Sant\u00edsimo Cristo de las Cinco Llagas. Guardo (Palencia)<\/li>\n<li>Cofrad\u00eda de las Tres Ca\u00eddas de Jesus Nazareno. San Andres del Rabanedo (Le\u00f3n)<\/li>\n<li>Cofrad\u00eda Santo Cristo del Perd\u00f3n. Le\u00f3n.<\/li>\n<\/ul>\n<p>Durante La VI Semana Cultural se llevaran a cabo los siguientes actos:<\/p>\n<ul>\n<li>D\u00eda 20, 20:00 horas. Inauguraci\u00f3n Exposici\u00f3n.<\/li>\n<li>D\u00eda 21, 19:30 horas, Conferencia ?Visi\u00f3n Social del Barrio del Crucero?. Concejal\u00eda de Familia y Bienestar Social del Ayuntamiento de Le\u00f3n.<\/li>\n<li>D\u00eda 21, 20:30 horas, Conferencia. Cofrad\u00eda Jesus Nazareno de Villadangos del Paramo<\/li>\n<li>D\u00eda 22, 20:00 horas Conferencia. Cofrad\u00eda Santo Cristo del Desenclavo<\/li>\n<li>D\u00eda 23, 20:00 horas Conferencia. Real Cofrad\u00eda Minerva y Vera Cruz<\/li>\n<li>D\u00eda 24, 20:15 horas Conferencia. Cofrad\u00eda de las Tres Ca\u00eddas de Jesus Nazareno de San Andres del Rabanedo<\/li>\n<li>D\u00eda 25, 19:00 horas Conferencia .Cofrad\u00eda Virgen de la Soledad y Stmo. Cristo de las Cinco Llagas<\/li>\n<li>D\u00eda 25, 20:00 horas Conferencia ? De la Arcilla a la madera ,de la madera a la Oraci\u00f3n?. Manuel L\u00f3pez Becker.<\/li>\n<\/ul>\n<p>El II Certamen de M\u00fasica Procesional cuenta con las siguientes actuaciones:<\/p>\n<ul>\n<li>D\u00eda 21, 21:00 horas Agrupaci\u00f3n Musical Cofrad\u00eda Cristo del Gran Poder<\/li>\n<li>D\u00eda 22, 20:45 horas Agrupaci\u00f3n Musical Cofrad\u00eda Santo Cristo del Desenclavo<\/li>\n<li>D\u00eda 23, 20:45 Banda de M\u00fasica Cofrad\u00eda de las Siete Palabras de Jes\u00fas en la Cruz<\/li>\n<li>D\u00eda 24, 20:00 horas Tr\u00edo de Capilla, Banda de la Escuela de M\u00fasica Cofrad\u00eda Santo Cristo del Perd\u00f3n.<\/li>\n<li>D\u00eda 24, 21:00 horas, Banda de Cornetas y Tambores Cofrad\u00eda de las Tres Ca\u00eddas de Jesus Nazareno de San Andres del Rabanedo<\/li>\n<li>D\u00eda 25, 19:00 horas Banda de M\u00fasica Cofrad\u00eda Virgen de la Soledad y Sant\u00edsimo Cristo de las Cinco Llagas. Guardo (Palencia)<\/li>\n<li>D\u00eda 25, 21:00 horas Banda de la Escuela de M\u00fasica de la Cofrad\u00eda Santo Cristo del Perd\u00f3n.<\/li>\n<\/ul>\n<p>En la Organizaci\u00f3n de estos actos, colaboran: el Excmo. Ayuntamiento De Le\u00f3n y las Cofrad\u00edas citadas anteriormente.<\/p>\n","protected":false},"excerpt":{"rendered":"<p>La Cofrad\u00eda Santo Cristo del Perd\u00f3n organiza la VI SEMANA CULTURAL Y EL II CERTAMEN DE MUSICA PROCESIONAL desde el d\u00eda 20 al 26 de marzo y con los siguientes horarios: &#8211; De 12:00 a 14:00 horas &#8211; De 17:30 a 22:00 horas Ambos actos se albergaran en el PALACIN, (futuro Palacio de Congresos de [&hellip;]<\/p>\n","protected":false},"author":1,"featured_media":0,"comment_status":"open","ping_status":"open","sticky":false,"template":"","format":"standard","meta":{"footnotes":""},"categories":[28],"tags":[],"class_list":["post-4957","post","type-post","status-publish","format-standard","hentry","category-historico"],"_links":{"self":[{"href":"https:\/\/pruebas.cursopracticoseo.com\/wordpress_o\/wp-json\/wp\/v2\/posts\/4957","targetHints":{"allow":["GET"]}}],"collection":[{"href":"https:\/\/pruebas.cursopracticoseo.com\/wordpress_o\/wp-json\/wp\/v2\/posts"}],"about":[{"href":"https:\/\/pruebas.cursopracticoseo.com\/wordpress_o\/wp-json\/wp\/v2\/types\/post"}],"author":[{"embeddable":true,"href":"https:\/\/pruebas.cursopracticoseo.com\/wordpress_o\/wp-json\/wp\/v2\/users\/1"}],"replies":[{"embeddable":true,"href":"https:\/\/pruebas.cursopracticoseo.com\/wordpress_o\/wp-json\/wp\/v2\/comments?post=4957"}],"version-history":[{"count":0,"href":"https:\/\/pruebas.cursopracticoseo.com\/wordpress_o\/wp-json\/wp\/v2\/posts\/4957\/revisions"}],"wp:attachment":[{"href":"https:\/\/pruebas.cursopracticoseo.com\/wordpress_o\/wp-json\/wp\/v2\/media?parent=4957"}],"wp:term":[{"taxonomy":"category","embeddable":true,"href":"https:\/\/pruebas.cursopracticoseo.com\/wordpress_o\/wp-json\/wp\/v2\/categories?post=4957"},{"taxonomy":"post_tag","embeddable":true,"href":"https:\/\/pruebas.cursopracticoseo.com\/wordpress_o\/wp-json\/wp\/v2\/tags?post=4957"}],"curies":[{"name":"wp","href":"https:\/\/api.w.org\/{rel}","templated":true}]}}