{"id":4954,"date":"2017-03-31T00:00:00","date_gmt":"2017-03-31T00:00:00","guid":{"rendered":"https:\/\/pruebas.cursopracticoseo.com\/wordpress_o\/dulces-de-pasion\/"},"modified":"2017-03-31T00:00:00","modified_gmt":"2017-03-31T00:00:00","slug":"dulces-de-pasion","status":"publish","type":"post","link":"https:\/\/pruebas.cursopracticoseo.com\/wordpress_o\/dulces-de-pasion\/","title":{"rendered":"DULCES DE PASI\u00d3N"},"content":{"rendered":"<p>La Junta Mayor de la Semana Santa de Le\u00f3n organiza el pr\u00f3ximo fin de semana, del 31 de Marzo al 02 de Abril, la feria Dulces de Pasi\u00f3n. Es el tercer a\u00f1o consecutivo que el domingo anterior al de Ramos, la Plaza de San Marcelo acoge esta muestra de dulces t\u00edpicos de la Semana Santa, en una muestra de recetas artesanales, de gran arraigo y elaboraci\u00f3n sencilla, que inundan las pasteler\u00edas del Pa\u00eds: Torrijas, pesti\u00f1os, leche frita, bu\u00f1uelos, bartolillos, arroz con leche y filloas, sin olvidar los huevos y las monas de pascua. <\/p>\n<p>La Feria Dulces de Pasi\u00f3n, supone una magn\u00edfica oportunidad para disfrutar de todos esos dulces t\u00edpicos de la Pascua Espa\u00f1ola, que se vuelven imprescindibles para el paladar en estas fechas; postres cuyo origen se remonta en muchos casos a los conventos medievales y a los que resulta casi imposible resistirse.<\/p>\n<p>La Semana Santa significa la reaparici\u00f3n de muchos dulces que durante el a\u00f1o es dif\u00edcil adquirir y que ahora podr\u00e1s encontrar en esta feria.<\/p>\n<p>Esta feria pretende poner en valor la reposter\u00eda de cuaresma como parte de nuestro patrimonio cultural y la gastron\u00f3mica con un protagonista que le sabr\u00e1 delicioso: los postres de todos los rincones de nuestro pa\u00eds que se dan cita en el marco inigualable de nuestra ciudad y que son el sabroso preludio de una Semana Santa \u00fanica: La Semana Santa de Le\u00f3n. <\/p>\n<p>La inauguraci\u00f3n oficial tendr\u00e1 lugar el d\u00eda 31 de marzo a las 13:30 horas, con asistencia de autoridades y colaboradores.<\/p>\n","protected":false},"excerpt":{"rendered":"<p>La Junta Mayor de la Semana Santa de Le\u00f3n organiza el pr\u00f3ximo fin de semana, del 31 de Marzo al 02 de Abril, la feria Dulces de Pasi\u00f3n. Es el tercer a\u00f1o consecutivo que el domingo anterior al de Ramos, la Plaza de San Marcelo acoge esta muestra de dulces t\u00edpicos de la Semana Santa, [&hellip;]<\/p>\n","protected":false},"author":1,"featured_media":0,"comment_status":"open","ping_status":"open","sticky":false,"template":"","format":"standard","meta":{"footnotes":""},"categories":[28],"tags":[],"class_list":["post-4954","post","type-post","status-publish","format-standard","hentry","category-historico"],"_links":{"self":[{"href":"https:\/\/pruebas.cursopracticoseo.com\/wordpress_o\/wp-json\/wp\/v2\/posts\/4954","targetHints":{"allow":["GET"]}}],"collection":[{"href":"https:\/\/pruebas.cursopracticoseo.com\/wordpress_o\/wp-json\/wp\/v2\/posts"}],"about":[{"href":"https:\/\/pruebas.cursopracticoseo.com\/wordpress_o\/wp-json\/wp\/v2\/types\/post"}],"author":[{"embeddable":true,"href":"https:\/\/pruebas.cursopracticoseo.com\/wordpress_o\/wp-json\/wp\/v2\/users\/1"}],"replies":[{"embeddable":true,"href":"https:\/\/pruebas.cursopracticoseo.com\/wordpress_o\/wp-json\/wp\/v2\/comments?post=4954"}],"version-history":[{"count":0,"href":"https:\/\/pruebas.cursopracticoseo.com\/wordpress_o\/wp-json\/wp\/v2\/posts\/4954\/revisions"}],"wp:attachment":[{"href":"https:\/\/pruebas.cursopracticoseo.com\/wordpress_o\/wp-json\/wp\/v2\/media?parent=4954"}],"wp:term":[{"taxonomy":"category","embeddable":true,"href":"https:\/\/pruebas.cursopracticoseo.com\/wordpress_o\/wp-json\/wp\/v2\/categories?post=4954"},{"taxonomy":"post_tag","embeddable":true,"href":"https:\/\/pruebas.cursopracticoseo.com\/wordpress_o\/wp-json\/wp\/v2\/tags?post=4954"}],"curies":[{"name":"wp","href":"https:\/\/api.w.org\/{rel}","templated":true}]}}