{"id":4940,"date":"2017-04-06T00:00:00","date_gmt":"2017-04-06T00:00:00","guid":{"rendered":"https:\/\/pruebas.cursopracticoseo.com\/wordpress_o\/la-junta-mayor-hace-publicas-las-bases-de-la-convocatoria-para-el-concurso-del-cartel-anunciador-de-la-semana-santa-2018\/"},"modified":"2017-04-06T00:00:00","modified_gmt":"2017-04-06T00:00:00","slug":"la-junta-mayor-hace-publicas-las-bases-de-la-convocatoria-para-el-concurso-del-cartel-anunciador-de-la-semana-santa-2018","status":"publish","type":"post","link":"https:\/\/pruebas.cursopracticoseo.com\/wordpress_o\/la-junta-mayor-hace-publicas-las-bases-de-la-convocatoria-para-el-concurso-del-cartel-anunciador-de-la-semana-santa-2018\/","title":{"rendered":"LA JUNTA MAYOR HACE PUBLICAS LAS BASES DE LA CONVOCATORIA PARA EL CONCURSO DEL CARTEL ANUNCIADOR DE LA SEMANA SANTA 2018"},"content":{"rendered":"<p>La Junta Mayor de Semana Santa hace p\u00fablica la convocatoria del concurso del cartel anunciador de la Semana Santa 2018. Con el fin de dar a conocer las bases con antelaci\u00f3n al periodo en el que las im\u00e1genes pueden ser tomadas, este a\u00f1o se hacen p\u00fablicas tres meses antes que el a\u00f1o anterior. El plazo para la presentaci\u00f3n de fotograf\u00edas finalizar\u00e1 el 30 de septiembre. <\/p>\n<p>Al igual que en la \u00faltima edici\u00f3n del concurso, el jurado estar\u00e1 formado por profesionales y aficionados de la fotograf\u00eda y el dise\u00f1o, as\u00ed como por representantes de las 16 Cofrad\u00edas que componen esta Junta Mayor.<\/p>\n<p>Cada participante podr\u00e1 presentar hasta un m\u00e1ximo de cinco obras que deber\u00e1n ser originales e in\u00e9ditas, se enviar\u00e1n en formato digital por correo electr\u00f3nico a la direcci\u00f3n cartelsemanasantaleon@gmail.com<\/p>\n<p>Las bases pueden ser consultadas en la p\u00e1gina web de la Junta Mayor (www.semanasantaleon.org).<\/p>\n","protected":false},"excerpt":{"rendered":"<p>La Junta Mayor de Semana Santa hace p\u00fablica la convocatoria del concurso del cartel anunciador de la Semana Santa 2018. Con el fin de dar a conocer las bases con antelaci\u00f3n al periodo en el que las im\u00e1genes pueden ser tomadas, este a\u00f1o se hacen p\u00fablicas tres meses antes que el a\u00f1o anterior. El plazo [&hellip;]<\/p>\n","protected":false},"author":1,"featured_media":0,"comment_status":"open","ping_status":"open","sticky":false,"template":"","format":"standard","meta":{"footnotes":""},"categories":[28],"tags":[],"class_list":["post-4940","post","type-post","status-publish","format-standard","hentry","category-historico"],"_links":{"self":[{"href":"https:\/\/pruebas.cursopracticoseo.com\/wordpress_o\/wp-json\/wp\/v2\/posts\/4940","targetHints":{"allow":["GET"]}}],"collection":[{"href":"https:\/\/pruebas.cursopracticoseo.com\/wordpress_o\/wp-json\/wp\/v2\/posts"}],"about":[{"href":"https:\/\/pruebas.cursopracticoseo.com\/wordpress_o\/wp-json\/wp\/v2\/types\/post"}],"author":[{"embeddable":true,"href":"https:\/\/pruebas.cursopracticoseo.com\/wordpress_o\/wp-json\/wp\/v2\/users\/1"}],"replies":[{"embeddable":true,"href":"https:\/\/pruebas.cursopracticoseo.com\/wordpress_o\/wp-json\/wp\/v2\/comments?post=4940"}],"version-history":[{"count":0,"href":"https:\/\/pruebas.cursopracticoseo.com\/wordpress_o\/wp-json\/wp\/v2\/posts\/4940\/revisions"}],"wp:attachment":[{"href":"https:\/\/pruebas.cursopracticoseo.com\/wordpress_o\/wp-json\/wp\/v2\/media?parent=4940"}],"wp:term":[{"taxonomy":"category","embeddable":true,"href":"https:\/\/pruebas.cursopracticoseo.com\/wordpress_o\/wp-json\/wp\/v2\/categories?post=4940"},{"taxonomy":"post_tag","embeddable":true,"href":"https:\/\/pruebas.cursopracticoseo.com\/wordpress_o\/wp-json\/wp\/v2\/tags?post=4940"}],"curies":[{"name":"wp","href":"https:\/\/api.w.org\/{rel}","templated":true}]}}