{"id":4939,"date":"2017-04-06T00:00:00","date_gmt":"2017-04-06T00:00:00","guid":{"rendered":"https:\/\/pruebas.cursopracticoseo.com\/wordpress_o\/la-junta-mayor-presenta-el-jueves-sus-publicaciones-para-esta-semana-santa\/"},"modified":"2017-04-06T00:00:00","modified_gmt":"2017-04-06T00:00:00","slug":"la-junta-mayor-presenta-el-jueves-sus-publicaciones-para-esta-semana-santa","status":"publish","type":"post","link":"https:\/\/pruebas.cursopracticoseo.com\/wordpress_o\/la-junta-mayor-presenta-el-jueves-sus-publicaciones-para-esta-semana-santa\/","title":{"rendered":"La Junta Mayor presenta el jueves sus publicaciones para esta Semana Santa"},"content":{"rendered":"<p>El pr\u00f3ximo Jueves de Pasi\u00f3n, 6 de abril, la Junta Mayor presentar\u00e1 sus publicaciones PREG\u00d3N y GUION de la Semana Santa leonesa, cabeceras recuperadas hace ahora dos a\u00f1os para la revista y el programa oficiales respectivamente, editados cada a\u00f1o por la entidad aglutinadora de las cofrad\u00edas y hermandades de la capital. <\/p>\n<p>De esta forma, el tercer n\u00famero de PREG\u00d3N recoge en sus 116 p\u00e1ginas plenas de contenido ?se edita sin publicidad alguna? distintos temas de actualidad e inter\u00e9s para papones y amantes de la celebraci\u00f3n pasional de la ciudad. Un recorrido que se abre de nuevo con una ilustraci\u00f3n creada al efecto y que ser\u00e1 descubierta en el acto de presentaci\u00f3n. Para esta edici\u00f3n, Luis Miguel Robles Garc\u00eda, quien ha legado a la Redenci\u00f3n sus mejores creaciones art\u00edsticas cofrades, ha realizado una obra que a\u00fana devoci\u00f3n con historia y tradici\u00f3n para anunciar, desde la portada de PREG\u00d3N mmxvii, la inminencia de una nueva Semana Santa.<\/p>\n<p>Los distintos aniversarios de im\u00e1genes ?la Soledad de Minerva?, cofrad\u00edas ?Bienaventuranza, Desenclavo y Sepulcro?, hitos en nuestra Semana Mayor ?Congreso de Cofrad\u00edas, la agrupaci\u00f3n musical de Angustias o el primer video profesional? y de la propia Junta Mayor ?que cumple setenta a\u00f1os? vertebran este nuevo n\u00famero que se completa con art\u00edculos sobre el museo o la pregonera de esta Semana Santa, Aurora Garc\u00eda. De igual forma, el espacio para la creatividad, el relato y la poes\u00eda, vuelve a tener cabida en PREG\u00d3N, cuyos diez d\u00edas en diez im\u00e1genes son protagonizados en esta ocasi\u00f3n por el medio digital Leonoticias, en reconocimiento a su primera d\u00e9cada de existencia.<\/p>\n<p>Un completo repaso a los entresijos, la divulgaci\u00f3n y la historia de la celebraci\u00f3n pasional leonesa, dirigido por Carlos Garc\u00eda Rioja, que han escrito o fotografiado ?haci\u00e9ndolo as\u00ed posible? casi medio centenar de reconocidas firmas en este \u00e1mbito a la que se suma, en esta edici\u00f3n, la de la dise\u00f1adora leonesa Mar\u00eda Lafuente, con una destacada y prol\u00edfica trayectoria en el mundo de la moda.<\/p>\n<p>Y, como no pod\u00eda ser de otro modo, las p\u00e1ginas de PREG\u00d3N se unen al recuerdo de dos personas de gran calado semanasantero fallecidas al inicio de la presente Cuaresma: Miguel \u00c1ngel D\u00edez Pedrero, componente esencial de La Pasi\u00f3n representada por Arpegio Teatro cada a\u00f1o, y Enrique Garc\u00eda Centeno, Don Enrique, p\u00e1rroco de Nuestra Se\u00f1ora del Mercado, con m\u00e1s de medio siglo de dedicaci\u00f3n a la Semana Santa, en distintas facetas, a sus espaldas. A ellos, se une otro nombre propio en la intrahistoria cofrade de la ciudad, el de M\u00e1ximo Cay\u00f3n Waldaliso, de quien se cumplen treinta a\u00f1os de su tambi\u00e9n prematuro adi\u00f3s.<\/p>\n<p>Nombres propios y homenajes a los que se suman los de diez pregoneros sobre el papel, aquellos que escribieron y pusieron en valor nuestra Semana Santa a trav\u00e9s de las publicaciones aparecidas en la primera mitad del siglo XX y cuyas palabras introducen las distintas jornadas de GUION, la gu\u00eda de procesiones que tambi\u00e9n ser\u00e1 presentada en el mismo acto,<b> este Jueves de Pasi\u00f3n, a las 20.00 h. en el sal\u00f3n de los Reyes del Ayuntamiento (plaza de San Marcelo) con entrada libre y gratuita.<\/b><\/p>\n","protected":false},"excerpt":{"rendered":"<p>El pr\u00f3ximo Jueves de Pasi\u00f3n, 6 de abril, la Junta Mayor presentar\u00e1 sus publicaciones PREG\u00d3N y GUION de la Semana Santa leonesa, cabeceras recuperadas hace ahora dos a\u00f1os para la revista y el programa oficiales respectivamente, editados cada a\u00f1o por la entidad aglutinadora de las cofrad\u00edas y hermandades de la capital. De esta forma, el [&hellip;]<\/p>\n","protected":false},"author":1,"featured_media":0,"comment_status":"open","ping_status":"open","sticky":false,"template":"","format":"standard","meta":{"footnotes":""},"categories":[28],"tags":[],"class_list":["post-4939","post","type-post","status-publish","format-standard","hentry","category-historico"],"_links":{"self":[{"href":"https:\/\/pruebas.cursopracticoseo.com\/wordpress_o\/wp-json\/wp\/v2\/posts\/4939","targetHints":{"allow":["GET"]}}],"collection":[{"href":"https:\/\/pruebas.cursopracticoseo.com\/wordpress_o\/wp-json\/wp\/v2\/posts"}],"about":[{"href":"https:\/\/pruebas.cursopracticoseo.com\/wordpress_o\/wp-json\/wp\/v2\/types\/post"}],"author":[{"embeddable":true,"href":"https:\/\/pruebas.cursopracticoseo.com\/wordpress_o\/wp-json\/wp\/v2\/users\/1"}],"replies":[{"embeddable":true,"href":"https:\/\/pruebas.cursopracticoseo.com\/wordpress_o\/wp-json\/wp\/v2\/comments?post=4939"}],"version-history":[{"count":0,"href":"https:\/\/pruebas.cursopracticoseo.com\/wordpress_o\/wp-json\/wp\/v2\/posts\/4939\/revisions"}],"wp:attachment":[{"href":"https:\/\/pruebas.cursopracticoseo.com\/wordpress_o\/wp-json\/wp\/v2\/media?parent=4939"}],"wp:term":[{"taxonomy":"category","embeddable":true,"href":"https:\/\/pruebas.cursopracticoseo.com\/wordpress_o\/wp-json\/wp\/v2\/categories?post=4939"},{"taxonomy":"post_tag","embeddable":true,"href":"https:\/\/pruebas.cursopracticoseo.com\/wordpress_o\/wp-json\/wp\/v2\/tags?post=4939"}],"curies":[{"name":"wp","href":"https:\/\/api.w.org\/{rel}","templated":true}]}}