{"id":4922,"date":"2017-04-30T00:00:00","date_gmt":"2017-04-30T00:00:00","guid":{"rendered":"https:\/\/pruebas.cursopracticoseo.com\/wordpress_o\/nota-de-agradecimiento-de-la-junta-mayor-de-la-semana-santa-de-leon\/"},"modified":"2017-04-30T00:00:00","modified_gmt":"2017-04-30T00:00:00","slug":"nota-de-agradecimiento-de-la-junta-mayor-de-la-semana-santa-de-leon","status":"publish","type":"post","link":"https:\/\/pruebas.cursopracticoseo.com\/wordpress_o\/nota-de-agradecimiento-de-la-junta-mayor-de-la-semana-santa-de-leon\/","title":{"rendered":"NOTA DE AGRADECIMIENTO DE LA JUNTA MAYOR DE LA SEMANA SANTA DE LE\u00d3N"},"content":{"rendered":"<p>La Junta Mayor de la Semana Santa de Le\u00f3n, en nombre de todas las Cofrad\u00edas y Hermandades de la ciudad y en el suyo propio, desea, por medio de la presente, hacer p\u00fablica su gratitud por el apoyo y las colaboraciones recibidas para que nuestra Semana Santa se haya desarrollado dentro de la normalidad prevista. <\/p>\n<p>Nuestra especial gratitud al Sr. Obispo, Clero Diocesano y \u00d3rdenes Religiosas por su apoyo humano y auxilio espiritual.<\/p>\n<p>A los Cabildos Catedralicio e Isidoriano y el personal all\u00ed empleado, por las facilidades otorgadas en las actividades que, en ambos lugares, se han desarrollado. <\/p>\n<p>Al Ayuntamiento de Le\u00f3n, Alcalde, Concejales y personal de los distintos servicios municipales por su trabajo en pro de nuestra Semana Santa y su permanente disposici\u00f3n a colaborar con las numerosas, y en ocasiones urgentes, peticiones que les realizamos. Asi mismo, agradecemos el apoyo econ\u00f3mico que nos brindan y la cesi\u00f3n gratuita de espacios municipales para organizar eventos, ferias y presentaciones.<\/p>\n<p>A la Diputaci\u00f3n Provincial de Le\u00f3n, Presidente, Diputados y personal empleado por su trabajo, su colaboraci\u00f3n y los medios puestos a nuestra disposici\u00f3n.<\/p>\n<p>A la Junta de Castilla y Le\u00f3n por la difusi\u00f3n de la Semana Santa de Le\u00f3n que realiza y el apoyo econ\u00f3mico que nos brinda.<\/p>\n<p>De forma especial queremos hacer menci\u00f3n a la Banda de M\u00fasica Juventudes Musicales-ULE por su participaci\u00f3n en nuestro Preg\u00f3n, ofreciendo un concierto de calidad y contenido inmejorable, fruto del esfuerzo de sus componentes.<\/p>\n<p>A las Autoridades civiles, militares y religiosas que nos han honrado con su presencia en los distintos actos organizados y que han atendido puntualmente nuestras peticiones.<\/p>\n<p>A las Instituciones civiles y religiosas que han cedido sus espacios para desarrollar las actividades programadas.<\/p>\n<p>A las asociaciones de comercio, empresas y firmas comerciales que han apoyado econ\u00f3micamente a las Cofrad\u00edas, Hermandades y a esta Junta Mayor, con sus patrocinios directos o indirectos, o con iniciativas a favor de los cofrades leoneses.<\/p>\n<p>A los medios de comunicaci\u00f3n por la difusi\u00f3n realizada de nuestras actividades, pues con su trabajo han conseguido que nuestra tarea se conozca m\u00e1s y mejor en nuestra ciudad y fuera de nuestras fronteras, incluidas las redes sociales.<\/p>\n<p>A aquellos que sin pertenecer a esta Junta Mayor, han trabajado incansablemente apoyando nuestros proyectos y haci\u00e9ndolos realidad.<\/p>\n<p>A los hermanos de las Cofrad\u00edas y Hermandades de la Semana Santa de Le\u00f3n, por su confianza en la labor desarrollada por las diferentes Juntas de Gobierno y por esta Junta Mayor, quienes con sus actuaciones y asumiendo los errores cometidos, s\u00f3lo buscamos el bien com\u00fan.<\/p>\n<p>A esos mismos hermanos por su trabajo callado, en las distintas secciones de las Cofrad\u00edas y Hermandades, ejerciendo tareas en ocasiones ingratas y poco reconocidas (braceros, bandas, manolas, hermanos libres de puja, montadores, etc.).<\/p>\n<p>Y, finalmente, a todo el Pueblo de Le\u00f3n por su comprensi\u00f3n en las limitaciones que nuestros actos les ocasionan, por su apoyo silencioso, participando desde las aceras de nuestros cortejos y por su infinita paciencia y respeto con nuestras manifestaciones de fe, aunque, en ocasiones, no las compartan.<\/p>\n<p>Sin todas y cada una de las personas y colectivos expresados y algunos otros, que por olvido involuntario no reflejamos, ser\u00eda imposible que nuestra Semana Santa alcanzase los alt\u00edsimos niveles de digna presencia p\u00fablica que en este a\u00f1o se han logrado.<\/p>\n<p>Seguro que ser\u00e1n muchas las cuestiones a mejorar y, desde este mismo instante, nos comprometemos a trabajar en ellas. Esperamos sus sugerencias y deseamos seguir contando con todo su apoyo. Recordamos a todos que nuestro trabajo es voluntario, que nuestra tarea forma parte de la labor evangelizadora de la Iglesia y que, como humanos que somos, cometemos errores. Rogamos que sepan disculparnos.<\/p>\n<p>Gracias a todos. Que Nuestro Se\u00f1or Jesucristo y Mar\u00eda Sant\u00edsima, su Madre, en las distintas advocaciones que se veneran en nuestra ciudad, premien las buenas obras realizadas en favor de la catequesis p\u00fablica de fe que las Cofrad\u00edas y Hermandades presentamos en los templos y las calles de esta capital del viejo Reino de Le\u00f3n y perdonen todos aquellos errores que, involuntariamente, hayamos podido cometer.<\/p>\n<p><b>Feliz Pascua de Resurrecci\u00f3n.<\/b><\/p>\n","protected":false},"excerpt":{"rendered":"<p>La Junta Mayor de la Semana Santa de Le\u00f3n, en nombre de todas las Cofrad\u00edas y Hermandades de la ciudad y en el suyo propio, desea, por medio de la presente, hacer p\u00fablica su gratitud por el apoyo y las colaboraciones recibidas para que nuestra Semana Santa se haya desarrollado dentro de la normalidad prevista. [&hellip;]<\/p>\n","protected":false},"author":1,"featured_media":0,"comment_status":"open","ping_status":"open","sticky":false,"template":"","format":"standard","meta":{"footnotes":""},"categories":[28],"tags":[],"class_list":["post-4922","post","type-post","status-publish","format-standard","hentry","category-historico"],"_links":{"self":[{"href":"https:\/\/pruebas.cursopracticoseo.com\/wordpress_o\/wp-json\/wp\/v2\/posts\/4922","targetHints":{"allow":["GET"]}}],"collection":[{"href":"https:\/\/pruebas.cursopracticoseo.com\/wordpress_o\/wp-json\/wp\/v2\/posts"}],"about":[{"href":"https:\/\/pruebas.cursopracticoseo.com\/wordpress_o\/wp-json\/wp\/v2\/types\/post"}],"author":[{"embeddable":true,"href":"https:\/\/pruebas.cursopracticoseo.com\/wordpress_o\/wp-json\/wp\/v2\/users\/1"}],"replies":[{"embeddable":true,"href":"https:\/\/pruebas.cursopracticoseo.com\/wordpress_o\/wp-json\/wp\/v2\/comments?post=4922"}],"version-history":[{"count":0,"href":"https:\/\/pruebas.cursopracticoseo.com\/wordpress_o\/wp-json\/wp\/v2\/posts\/4922\/revisions"}],"wp:attachment":[{"href":"https:\/\/pruebas.cursopracticoseo.com\/wordpress_o\/wp-json\/wp\/v2\/media?parent=4922"}],"wp:term":[{"taxonomy":"category","embeddable":true,"href":"https:\/\/pruebas.cursopracticoseo.com\/wordpress_o\/wp-json\/wp\/v2\/categories?post=4922"},{"taxonomy":"post_tag","embeddable":true,"href":"https:\/\/pruebas.cursopracticoseo.com\/wordpress_o\/wp-json\/wp\/v2\/tags?post=4922"}],"curies":[{"name":"wp","href":"https:\/\/api.w.org\/{rel}","templated":true}]}}