{"id":4921,"date":"2017-05-01T00:00:00","date_gmt":"2017-05-01T00:00:00","guid":{"rendered":"https:\/\/pruebas.cursopracticoseo.com\/wordpress_o\/tres-nuevos-vocales-juran-su-cargo-en-jesus-divino-obrero\/"},"modified":"2017-05-01T00:00:00","modified_gmt":"2017-05-01T00:00:00","slug":"tres-nuevos-vocales-juran-su-cargo-en-jesus-divino-obrero","status":"publish","type":"post","link":"https:\/\/pruebas.cursopracticoseo.com\/wordpress_o\/tres-nuevos-vocales-juran-su-cargo-en-jesus-divino-obrero\/","title":{"rendered":"Tres nuevos vocales juran su cargo en Jes\u00fas Divino Obrero"},"content":{"rendered":"<p>La Real Hermandad de Jes\u00fas Divino Obrero celebr\u00f3 este Primero de mayo su festividad con una Eucarist\u00eda en la que tres Hermanos tomaron posesi\u00f3n de sus cargos como nuevos vocales de la Junta Directiva hasta 2018. A partir de hoy, Dar\u00edo Cueto Colle ejercer\u00e1 como nuevo juez de penas, mientras que Jos\u00e9 Manuel Ocejo Gonz\u00e1lez ser\u00e1 vocal de Hermanos, y Susana Pe\u00f1a Valle se incorpora como nueva vocal de Comunicaci\u00f3n a la Junta Directiva que preside Mar\u00eda Teresa Li\u00e9bana Gonz\u00e1lez, abadesa-presidenta para el bienio 2016-2018. Previamente a la celebraci\u00f3n de la Eucarist\u00eda que tuvo lugar en la Iglesia Parroquial de Jes\u00fas Divino Obrero, la tradicional procesi\u00f3n con la imagen titular de la Real Hermandad, la talla realizada por V\u00edctor de los R\u00edos, recorri\u00f3 las calles del barrio de El Ejido. La comida de Hermandad puso fin a la jornada festiva. Al t\u00e9rmino de la misma, se entregaron los reconocimientos a los autores del cartel anunciador de la Real Hermandad para la Semana Santa 2017, Iv\u00e1n Guerrero Llanos, y a la primera mujer autora del Preg\u00f3n de la Resurrecci\u00f3n del pasado Domingo de Pascua, Susana Pe\u00f1a Valle.<\/p>\n","protected":false},"excerpt":{"rendered":"<p>La Real Hermandad de Jes\u00fas Divino Obrero celebr\u00f3 este Primero de mayo su festividad con una Eucarist\u00eda en la que tres Hermanos tomaron posesi\u00f3n de sus cargos como nuevos vocales de la Junta Directiva hasta 2018. A partir de hoy, Dar\u00edo Cueto Colle ejercer\u00e1 como nuevo juez de penas, mientras que Jos\u00e9 Manuel Ocejo Gonz\u00e1lez [&hellip;]<\/p>\n","protected":false},"author":1,"featured_media":0,"comment_status":"open","ping_status":"open","sticky":false,"template":"","format":"standard","meta":{"footnotes":""},"categories":[28],"tags":[],"class_list":["post-4921","post","type-post","status-publish","format-standard","hentry","category-historico"],"_links":{"self":[{"href":"https:\/\/pruebas.cursopracticoseo.com\/wordpress_o\/wp-json\/wp\/v2\/posts\/4921","targetHints":{"allow":["GET"]}}],"collection":[{"href":"https:\/\/pruebas.cursopracticoseo.com\/wordpress_o\/wp-json\/wp\/v2\/posts"}],"about":[{"href":"https:\/\/pruebas.cursopracticoseo.com\/wordpress_o\/wp-json\/wp\/v2\/types\/post"}],"author":[{"embeddable":true,"href":"https:\/\/pruebas.cursopracticoseo.com\/wordpress_o\/wp-json\/wp\/v2\/users\/1"}],"replies":[{"embeddable":true,"href":"https:\/\/pruebas.cursopracticoseo.com\/wordpress_o\/wp-json\/wp\/v2\/comments?post=4921"}],"version-history":[{"count":0,"href":"https:\/\/pruebas.cursopracticoseo.com\/wordpress_o\/wp-json\/wp\/v2\/posts\/4921\/revisions"}],"wp:attachment":[{"href":"https:\/\/pruebas.cursopracticoseo.com\/wordpress_o\/wp-json\/wp\/v2\/media?parent=4921"}],"wp:term":[{"taxonomy":"category","embeddable":true,"href":"https:\/\/pruebas.cursopracticoseo.com\/wordpress_o\/wp-json\/wp\/v2\/categories?post=4921"},{"taxonomy":"post_tag","embeddable":true,"href":"https:\/\/pruebas.cursopracticoseo.com\/wordpress_o\/wp-json\/wp\/v2\/tags?post=4921"}],"curies":[{"name":"wp","href":"https:\/\/api.w.org\/{rel}","templated":true}]}}