{"id":4917,"date":"2017-06-03T00:00:00","date_gmt":"2017-06-03T00:00:00","guid":{"rendered":"https:\/\/pruebas.cursopracticoseo.com\/wordpress_o\/festividad-de-nuestra-senora-de-la-luz\/"},"modified":"2017-06-03T00:00:00","modified_gmt":"2017-06-03T00:00:00","slug":"festividad-de-nuestra-senora-de-la-luz","status":"publish","type":"post","link":"https:\/\/pruebas.cursopracticoseo.com\/wordpress_o\/festividad-de-nuestra-senora-de-la-luz\/","title":{"rendered":"Festividad de Nuestra Se\u00f1ora de la Luz"},"content":{"rendered":"<p>El pr\u00f3ximo d\u00eda 1 de Junio es la festividad de Nuestra Se\u00f1ora de la Luz. La Cofrad\u00eda Santo Sepulcro-Esperanza de la Vida desea honrar a su imagen mariana con un devoto Besapi\u00e9 y una Eucarist\u00eda el s\u00e1bado d\u00eda 03 de junio de 2017 a las 20:00 horas en el Convento de las RR.MM. Concepcionistas. La capilla estar\u00e1 abierta desde una hora antes para que quienes lo deseen se acerquen a venerar la imagen de Nuestra Se\u00f1ora de la Luz, encendiendo una vela y realizando un devoto besapi\u00e9, antes de la Eucarist\u00eda. El culto a Nuestra Se\u00f1ora de la Luz invocar\u00e1 la condici\u00f3n de Mar\u00eda como mediadora para alcanzar la luz: * Luz para nuestras mentes y nuestra inteligencia. Que nos abra al conocimiento y nos gu\u00ede en todas las pruebas. Tambi\u00e9n para los j\u00f3venes que en estos d\u00edas se someten a ex\u00e1menes. * Luz para nuestro coraz\u00f3n. Que nos descubra las necesidades de los que nos rodean. * Luz para nuestra vida. Que nos gu\u00ede en el camino siguiendo a Jes\u00fas. Por todo ello convocamos a los hermanos de la Cofrad\u00eda y fieles devotos a venerar la imagen de Nuestra Se\u00f1ora de la Luz, iluminadora de nuestra inteligencia, nuestro coraz\u00f3n y nuestra vida, el pr\u00f3ximo s\u00e1bado desde las 19:00 horas y a las 20:00 en la Santa Misa que se celebrar\u00e1 en el templo de las RR.MM. Concepcionistas de la ciudad de Le\u00f3n.<\/p>\n","protected":false},"excerpt":{"rendered":"<p>El pr\u00f3ximo d\u00eda 1 de Junio es la festividad de Nuestra Se\u00f1ora de la Luz. La Cofrad\u00eda Santo Sepulcro-Esperanza de la Vida desea honrar a su imagen mariana con un devoto Besapi\u00e9 y una Eucarist\u00eda el s\u00e1bado d\u00eda 03 de junio de 2017 a las 20:00 horas en el Convento de las RR.MM. Concepcionistas. La [&hellip;]<\/p>\n","protected":false},"author":1,"featured_media":0,"comment_status":"open","ping_status":"open","sticky":false,"template":"","format":"standard","meta":{"footnotes":""},"categories":[28],"tags":[],"class_list":["post-4917","post","type-post","status-publish","format-standard","hentry","category-historico"],"_links":{"self":[{"href":"https:\/\/pruebas.cursopracticoseo.com\/wordpress_o\/wp-json\/wp\/v2\/posts\/4917","targetHints":{"allow":["GET"]}}],"collection":[{"href":"https:\/\/pruebas.cursopracticoseo.com\/wordpress_o\/wp-json\/wp\/v2\/posts"}],"about":[{"href":"https:\/\/pruebas.cursopracticoseo.com\/wordpress_o\/wp-json\/wp\/v2\/types\/post"}],"author":[{"embeddable":true,"href":"https:\/\/pruebas.cursopracticoseo.com\/wordpress_o\/wp-json\/wp\/v2\/users\/1"}],"replies":[{"embeddable":true,"href":"https:\/\/pruebas.cursopracticoseo.com\/wordpress_o\/wp-json\/wp\/v2\/comments?post=4917"}],"version-history":[{"count":0,"href":"https:\/\/pruebas.cursopracticoseo.com\/wordpress_o\/wp-json\/wp\/v2\/posts\/4917\/revisions"}],"wp:attachment":[{"href":"https:\/\/pruebas.cursopracticoseo.com\/wordpress_o\/wp-json\/wp\/v2\/media?parent=4917"}],"wp:term":[{"taxonomy":"category","embeddable":true,"href":"https:\/\/pruebas.cursopracticoseo.com\/wordpress_o\/wp-json\/wp\/v2\/categories?post=4917"},{"taxonomy":"post_tag","embeddable":true,"href":"https:\/\/pruebas.cursopracticoseo.com\/wordpress_o\/wp-json\/wp\/v2\/tags?post=4917"}],"curies":[{"name":"wp","href":"https:\/\/api.w.org\/{rel}","templated":true}]}}