{"id":4914,"date":"2017-06-12T00:00:00","date_gmt":"2017-06-12T00:00:00","guid":{"rendered":"https:\/\/pruebas.cursopracticoseo.com\/wordpress_o\/vacaciones-escolares\/"},"modified":"2017-06-12T00:00:00","modified_gmt":"2017-06-12T00:00:00","slug":"vacaciones-escolares","status":"publish","type":"post","link":"https:\/\/pruebas.cursopracticoseo.com\/wordpress_o\/vacaciones-escolares\/","title":{"rendered":"Vacaciones Escolares."},"content":{"rendered":"<p>Las Juntas de Cofrad\u00edas de Castilla y Le\u00f3n, ante la falta de respuesta a nuestras peticiones por escrito y a la vista de las \u00faltimas manifestaciones a los medios de comunicaci\u00f3n del Sr. Consejero de Educaci\u00f3n, D. Fernando Rey, consideramos que se est\u00e1 da\u00f1ando notablemente a nuestra Comunidad Aut\u00f3noma, tanto a su Semana Santa y por lo tanto a siglos de historia y tradiciones, como a su econom\u00eda, perjudicando gravemente la creaci\u00f3n de empleo y la generaci\u00f3n, demostrada a\u00f1os atr\u00e1s, de riqueza econ\u00f3mica para nuestras ciudades y pueblos. Adem\u00e1s del grave perjuicio a la conciliaci\u00f3n familiar y por lo tanto tambi\u00e9n a nuestros propios hijos. <\/p>\n<p>En los pasados d\u00edas, hemos visto con sorpresa las declaraciones del Sr. Consejero de Educaci\u00f3n con respecto a que cada centro educativo podr\u00e1 decidir cu\u00e1ndo tener las vacaciones de Semana Santa, lo que a nuestro modo de ver supondr\u00eda un verdadero caos, principalmente familiar y ciudadano. Es m\u00e1s, al permitir dicha capacidad de decisi\u00f3n, se est\u00e1 incurriendo por parte del Sr. Consejero de Educaci\u00f3n en una contradicci\u00f3n y en un ejercicio de irresponsabilidad: si el calendario por \u00e9l propuesto y aprobado es el mejor, \u00bfc\u00f3mo es posible que permita a los distintos centros educativos cambiarlo por otro que seg\u00fan su err\u00f3neo parecer es peor?<\/p>\n<p>En dichas declaraciones p\u00fablicas, tambi\u00e9n se da como excusa que estamos en un estado aconfesional y tenemos que darle la raz\u00f3n al Sr. Consejero, pero no es menos cierto que en nuestra Comunidad hablar de Semana Santa no s\u00f3lo es hablar de religi\u00f3n, sino tambi\u00e9n de siglos de historia, de cultura y por supuesto de una enorme riqueza para nuestra Comunidad. Tambi\u00e9n queremos recordarle que otras fiestas que se celebran a lo largo del a\u00f1o y que parece que no molestan tanto como nuestra Semana Santa, tambi\u00e9n son religiosas: la Navidad, las festividades de los patronos de los pueblos y ciudades y hasta la celebraci\u00f3n de los carnavales en v\u00edsperas del inicio de la Cuaresma.<\/p>\n<p>As\u00ed es nuestra sociedad en Castilla y Le\u00f3n, as\u00ed ha sido desde hace siglos y creemos que as\u00ed seguir\u00e1 siendo mucho m\u00e1s tiempo. Adem\u00e1s y con respecto a las diferencias de d\u00edas en los trimestres, entendemos que se igualan aun m\u00e1s los trimestres si el pr\u00f3ximo a\u00f1o, las vacaciones escolares coincidieran por ejemplo desde el Viernes de Dolores, d\u00eda 23 de marzo hasta el lunes de Pascua, d\u00eda 2 de abril, ambos incluidos como vacaciones.<\/p>\n<p>Ante estos hechos, las Juntas de Semana Santa de Castilla y Le\u00f3n manifestamos nuestro rechazo a la desagradable desconsideraci\u00f3n por parte del Consejero de Educaci\u00f3n de la Junta de Castilla y Le\u00f3n. Si en a\u00f1os anteriores dicha desconsideraci\u00f3n se limitaba a no dar respuesta a las cartas que desde esta Asamblea se le dirig\u00edan, este a\u00f1o ha dado un paso m\u00e1s, en un claro desprecio hacia la conciliaci\u00f3n de la vida laboral y familiar y hacia la generaci\u00f3n de empleo aprovechando el importante tir\u00f3n tur\u00edstico de la Semana Santa en Castilla y Le\u00f3n.<\/p>\n<p>En los a\u00f1os 2015, 2016 y 2017, las vacaciones escolares en nuestra Comunidad Aut\u00f3noma coincidieron con las fechas de la Semana Santa, y ello a pesar de que tuvo lugar en distintos meses y dando lugar a trimestres lectivos de distinta extensi\u00f3n.<\/p>\n<p>Por ello, las Juntas de Semana Santa de Castilla y Le\u00f3n, mantenemos la irrenunciable exigencia de que desde el curso escolar 2017-2018 y definitivamente, se fijen las vacaciones escolares de Semana Santa en la Comunidad Aut\u00f3noma de Castilla y Le\u00f3n desde el Viernes de Dolores hasta el Domingo de Resurrecci\u00f3n.<\/p>\n<p>Finalmente ponemos en conocimiento de la opini\u00f3n p\u00fablica que las Juntas de Semana Santa de Castilla y Le\u00f3n han estado, est\u00e1n, y estar\u00e1n del lado de la conciliaci\u00f3n de la vida laboral y familiar, del lado de los padres y madres, del lado de los ni\u00f1os y ni\u00f1as y del lado del turismo como actividad generadora de empleo.<\/p>\n<p>Por lo tanto y a la vista de todo, reiteramos nuestro profundo malestar con la situaci\u00f3n creada y de forma inmediata vamos a convocar reuniones con asociaciones de padres, asociaciones de empresarios y vamos a recabar el apoyo de los Alcaldes y cargos pol\u00edticos de nuestras ciudades y de todo aquel que quiera apoyar esta reivindicaci\u00f3n a todas luces justa y necesaria para el bien de nuestra Semana Santa y por lo tanto de nuestra Comunidad Aut\u00f3noma.<\/p>\n<p>Igualmente, esperamos que la Consejera de Cultura y Turismo y el Presidente de la Junta de Castilla y Le\u00f3n hagan rectificar en este desprop\u00f3sito al Consejero de Educaci\u00f3n.<\/p>\n","protected":false},"excerpt":{"rendered":"<p>Las Juntas de Cofrad\u00edas de Castilla y Le\u00f3n, ante la falta de respuesta a nuestras peticiones por escrito y a la vista de las \u00faltimas manifestaciones a los medios de comunicaci\u00f3n del Sr. Consejero de Educaci\u00f3n, D. Fernando Rey, consideramos que se est\u00e1 da\u00f1ando notablemente a nuestra Comunidad Aut\u00f3noma, tanto a su Semana Santa y [&hellip;]<\/p>\n","protected":false},"author":1,"featured_media":0,"comment_status":"open","ping_status":"open","sticky":false,"template":"","format":"standard","meta":{"footnotes":""},"categories":[28],"tags":[],"class_list":["post-4914","post","type-post","status-publish","format-standard","hentry","category-historico"],"_links":{"self":[{"href":"https:\/\/pruebas.cursopracticoseo.com\/wordpress_o\/wp-json\/wp\/v2\/posts\/4914","targetHints":{"allow":["GET"]}}],"collection":[{"href":"https:\/\/pruebas.cursopracticoseo.com\/wordpress_o\/wp-json\/wp\/v2\/posts"}],"about":[{"href":"https:\/\/pruebas.cursopracticoseo.com\/wordpress_o\/wp-json\/wp\/v2\/types\/post"}],"author":[{"embeddable":true,"href":"https:\/\/pruebas.cursopracticoseo.com\/wordpress_o\/wp-json\/wp\/v2\/users\/1"}],"replies":[{"embeddable":true,"href":"https:\/\/pruebas.cursopracticoseo.com\/wordpress_o\/wp-json\/wp\/v2\/comments?post=4914"}],"version-history":[{"count":0,"href":"https:\/\/pruebas.cursopracticoseo.com\/wordpress_o\/wp-json\/wp\/v2\/posts\/4914\/revisions"}],"wp:attachment":[{"href":"https:\/\/pruebas.cursopracticoseo.com\/wordpress_o\/wp-json\/wp\/v2\/media?parent=4914"}],"wp:term":[{"taxonomy":"category","embeddable":true,"href":"https:\/\/pruebas.cursopracticoseo.com\/wordpress_o\/wp-json\/wp\/v2\/categories?post=4914"},{"taxonomy":"post_tag","embeddable":true,"href":"https:\/\/pruebas.cursopracticoseo.com\/wordpress_o\/wp-json\/wp\/v2\/tags?post=4914"}],"curies":[{"name":"wp","href":"https:\/\/api.w.org\/{rel}","templated":true}]}}