{"id":4911,"date":"2017-06-24T00:00:00","date_gmt":"2017-06-24T00:00:00","guid":{"rendered":"https:\/\/pruebas.cursopracticoseo.com\/wordpress_o\/decepcion-de-las-juntas-de-hermandades-y-cofradias-de-semana-santa-de-castilla-y-leon-ante-la-insensibilidad-del-consejero-de-educacion-para-con-la-tradicion-mas-importante-de-nuestra-comunidad\/"},"modified":"2017-06-24T00:00:00","modified_gmt":"2017-06-24T00:00:00","slug":"decepcion-de-las-juntas-de-hermandades-y-cofradias-de-semana-santa-de-castilla-y-leon-ante-la-insensibilidad-del-consejero-de-educacion-para-con-la-tradicion-mas-importante-de-nuestra-comunidad","status":"publish","type":"post","link":"https:\/\/pruebas.cursopracticoseo.com\/wordpress_o\/decepcion-de-las-juntas-de-hermandades-y-cofradias-de-semana-santa-de-castilla-y-leon-ante-la-insensibilidad-del-consejero-de-educacion-para-con-la-tradicion-mas-importante-de-nuestra-comunidad\/","title":{"rendered":"DECEPCI\u00d3N DE LAS JUNTAS DE HERMANDADES Y COFRADIAS DE SEMANA SANTA DE CASTILLA Y LE\u00d3N ANTE LA INSENSIBILIDAD DEL CONSEJERO DE EDUCACI\u00d3N PARA CON LA TRADICI\u00d3N M\u00c1S IMPORTANTE DE NUESTRA COMUNIDAD"},"content":{"rendered":"<p>El pasado lunes 19 de junio de 2.017, la Asamblea de Juntas de Hermandades y cofrad\u00edas de Semana Santa de Castilla y Le\u00f3n fue convocada por el Consejero de Educaci\u00f3n a una reuni\u00f3n en Valladolid con un \u00fanico punto a tratar: el per\u00edodo vacacional de Semana Santa en el calendario escolar. <\/p>\n<p>A la convocatoria acudieron representaciones de Valladolid, Zamora, Le\u00f3n, Burgos, \u00c1vila, Palencia, Astorga, Ponferrada, Pe\u00f1afiel y Medina del Campo, contando con el apoyo expreso de las dem\u00e1s principales ciudades castellano- leonesas. El resultado de la misma fue decepcionante para la Asamblea ante la intransigencia del Consejero, tanto por no atender sus peticiones, como por no tomarlas en consideraci\u00f3n ni plantearse su estudio.<\/p>\n<p>Durante dicha reuni\u00f3n el Consejero propuso esperar al 2.018 para disponer de datos reales de c\u00f3mo afecta la medida de cambiar el calendario escolar, pero desde esta Asamblea de Juntas de Semana Santa de Castilla y Le\u00f3n estamos en disposici\u00f3n de poder afirmar que hay datos suficientes del incremento de puestos de trabajo y crecimiento econ\u00f3mico en los \u00faltimos 3 a\u00f1os en los que las vacaciones de Semana Santa han coincidido con la Semana de Pasi\u00f3n.<\/p>\n<p>La Asamblea se reafirma en que el calendario escolar aprobado y defendido por el Consejero de Educaci\u00f3n es ca\u00f3tico. Presume el Sr. Consejero de permitir que cada centro elija cu\u00e1ndo celebrar las vacaciones de Semana Santa y ello supone un ataque sin precedentes a la conciliaci\u00f3n familiar, ya que tal y como se le expuso, puede darse el caso que en una misma familia con dos hijos en distintos colegios, se encuentre con que uno tiene vacaciones durante la Semana Santa y el otro durante la Semana siguiente. Por lo anteriormente expuesto, la Asamblea de Juntas de Hermandades y Cofrad\u00edas de Castilla y Le\u00f3n se mantiene firme y pide que desde el pr\u00f3ximo curso escolar y definitivamente, se fije el periodo vacacional de Semana Santa en Castilla y Le\u00f3n, a partir del Viernes de Dolores hasta el Domingo de Resurrecci\u00f3n, tal y como sucede en otras Autonom\u00edas como Andaluc\u00eda, con similar arraigo popular de la celebraci\u00f3n.<\/p>\n<p>Finalmente la Asamblea manifiesta que continuar\u00e1 con sus acciones y movilizaciones defendiendo sus propuestas de conciliaci\u00f3n de la vida laboral y familiar, as\u00ed como de la cultura y el turismo como actividades generadoras de riqueza y empleo.<\/p>\n<p>Por \u00faltimo, manifestar que la Asamblea lamenta el silencio de la Consejera de Cultura y Turismo de Castilla y Le\u00f3n<\/p>\n","protected":false},"excerpt":{"rendered":"<p>El pasado lunes 19 de junio de 2.017, la Asamblea de Juntas de Hermandades y cofrad\u00edas de Semana Santa de Castilla y Le\u00f3n fue convocada por el Consejero de Educaci\u00f3n a una reuni\u00f3n en Valladolid con un \u00fanico punto a tratar: el per\u00edodo vacacional de Semana Santa en el calendario escolar. A la convocatoria acudieron [&hellip;]<\/p>\n","protected":false},"author":1,"featured_media":0,"comment_status":"open","ping_status":"open","sticky":false,"template":"","format":"standard","meta":{"footnotes":""},"categories":[28],"tags":[],"class_list":["post-4911","post","type-post","status-publish","format-standard","hentry","category-historico"],"_links":{"self":[{"href":"https:\/\/pruebas.cursopracticoseo.com\/wordpress_o\/wp-json\/wp\/v2\/posts\/4911","targetHints":{"allow":["GET"]}}],"collection":[{"href":"https:\/\/pruebas.cursopracticoseo.com\/wordpress_o\/wp-json\/wp\/v2\/posts"}],"about":[{"href":"https:\/\/pruebas.cursopracticoseo.com\/wordpress_o\/wp-json\/wp\/v2\/types\/post"}],"author":[{"embeddable":true,"href":"https:\/\/pruebas.cursopracticoseo.com\/wordpress_o\/wp-json\/wp\/v2\/users\/1"}],"replies":[{"embeddable":true,"href":"https:\/\/pruebas.cursopracticoseo.com\/wordpress_o\/wp-json\/wp\/v2\/comments?post=4911"}],"version-history":[{"count":0,"href":"https:\/\/pruebas.cursopracticoseo.com\/wordpress_o\/wp-json\/wp\/v2\/posts\/4911\/revisions"}],"wp:attachment":[{"href":"https:\/\/pruebas.cursopracticoseo.com\/wordpress_o\/wp-json\/wp\/v2\/media?parent=4911"}],"wp:term":[{"taxonomy":"category","embeddable":true,"href":"https:\/\/pruebas.cursopracticoseo.com\/wordpress_o\/wp-json\/wp\/v2\/categories?post=4911"},{"taxonomy":"post_tag","embeddable":true,"href":"https:\/\/pruebas.cursopracticoseo.com\/wordpress_o\/wp-json\/wp\/v2\/tags?post=4911"}],"curies":[{"name":"wp","href":"https:\/\/api.w.org\/{rel}","templated":true}]}}