{"id":4910,"date":"2017-06-25T00:00:00","date_gmt":"2017-06-25T00:00:00","guid":{"rendered":"https:\/\/pruebas.cursopracticoseo.com\/wordpress_o\/concierto-de-fin-de-curso-banda-de-la-escuela-de-musica-de-la-cofradia-santo-cristo-del-perdon\/"},"modified":"2017-06-25T00:00:00","modified_gmt":"2017-06-25T00:00:00","slug":"concierto-de-fin-de-curso-banda-de-la-escuela-de-musica-de-la-cofradia-santo-cristo-del-perdon","status":"publish","type":"post","link":"https:\/\/pruebas.cursopracticoseo.com\/wordpress_o\/concierto-de-fin-de-curso-banda-de-la-escuela-de-musica-de-la-cofradia-santo-cristo-del-perdon\/","title":{"rendered":"Concierto de Fin de Curso Banda de la Escuela de M\u00fasica de la Cofrad\u00eda Santo Cristo del Perd\u00f3n"},"content":{"rendered":"<p>El pr\u00f3ximo domingo 25 de Junio y a las 13:00 horas, se celebrar\u00e1 el concierto de fin de curso de la Banda de la Escuela de M\u00fasica de la Cofrad\u00eda Santo Cristo del Perd\u00f3n. El evento tendr\u00e1 lugar en la plaza Demetrio Monteser\u00edn (Plaza del Huevo). Desde sus inicios en Septiembre de 2011, la secci\u00f3n musical ha ido creciendo en componentes hasta alcanzar el medio centenar y un gran n\u00famero de obras musicales de todo tipo. Durante todo el a\u00f1o lectivo en la Escuela de M\u00fasica se imparten clases de solfeo y conocimientos musicales, estando abierta a toda persona que quiera participar. Semana Santa y otras procesiones como la del Corpus Christi o la que se organiza en el Barrio de la Vega, son algunas de las citas en las que est\u00e1 presente nuestra Banda, adem\u00e1s de multitud de conciertos y otras actividades. La Escuela de la Banda de M\u00fasica pertenece abierta. Si est\u00e1s interesado puedes ponerte en contacto a trav\u00e9s del e-mail de la Cofrad\u00eda (acperdon@yahoo.es) o mediante el tel\u00e9fono de la cofrad\u00eda 690733239. Te esperamos este domingo en el concierto de Fin de curso!<\/p>\n","protected":false},"excerpt":{"rendered":"<p>El pr\u00f3ximo domingo 25 de Junio y a las 13:00 horas, se celebrar\u00e1 el concierto de fin de curso de la Banda de la Escuela de M\u00fasica de la Cofrad\u00eda Santo Cristo del Perd\u00f3n. El evento tendr\u00e1 lugar en la plaza Demetrio Monteser\u00edn (Plaza del Huevo). Desde sus inicios en Septiembre de 2011, la secci\u00f3n [&hellip;]<\/p>\n","protected":false},"author":1,"featured_media":0,"comment_status":"open","ping_status":"open","sticky":false,"template":"","format":"standard","meta":{"footnotes":""},"categories":[28],"tags":[],"class_list":["post-4910","post","type-post","status-publish","format-standard","hentry","category-historico"],"_links":{"self":[{"href":"https:\/\/pruebas.cursopracticoseo.com\/wordpress_o\/wp-json\/wp\/v2\/posts\/4910","targetHints":{"allow":["GET"]}}],"collection":[{"href":"https:\/\/pruebas.cursopracticoseo.com\/wordpress_o\/wp-json\/wp\/v2\/posts"}],"about":[{"href":"https:\/\/pruebas.cursopracticoseo.com\/wordpress_o\/wp-json\/wp\/v2\/types\/post"}],"author":[{"embeddable":true,"href":"https:\/\/pruebas.cursopracticoseo.com\/wordpress_o\/wp-json\/wp\/v2\/users\/1"}],"replies":[{"embeddable":true,"href":"https:\/\/pruebas.cursopracticoseo.com\/wordpress_o\/wp-json\/wp\/v2\/comments?post=4910"}],"version-history":[{"count":0,"href":"https:\/\/pruebas.cursopracticoseo.com\/wordpress_o\/wp-json\/wp\/v2\/posts\/4910\/revisions"}],"wp:attachment":[{"href":"https:\/\/pruebas.cursopracticoseo.com\/wordpress_o\/wp-json\/wp\/v2\/media?parent=4910"}],"wp:term":[{"taxonomy":"category","embeddable":true,"href":"https:\/\/pruebas.cursopracticoseo.com\/wordpress_o\/wp-json\/wp\/v2\/categories?post=4910"},{"taxonomy":"post_tag","embeddable":true,"href":"https:\/\/pruebas.cursopracticoseo.com\/wordpress_o\/wp-json\/wp\/v2\/tags?post=4910"}],"curies":[{"name":"wp","href":"https:\/\/api.w.org\/{rel}","templated":true}]}}