{"id":4909,"date":"2017-06-30T00:00:00","date_gmt":"2017-06-30T00:00:00","guid":{"rendered":"https:\/\/pruebas.cursopracticoseo.com\/wordpress_o\/confirmados-los-nuevos-cargos-de-la-junta-mayor-de-la-semana-santa-de-leon\/"},"modified":"2017-06-30T00:00:00","modified_gmt":"2017-06-30T00:00:00","slug":"confirmados-los-nuevos-cargos-de-la-junta-mayor-de-la-semana-santa-de-leon","status":"publish","type":"post","link":"https:\/\/pruebas.cursopracticoseo.com\/wordpress_o\/confirmados-los-nuevos-cargos-de-la-junta-mayor-de-la-semana-santa-de-leon\/","title":{"rendered":"Confirmados los nuevos cargos de la Junta Mayor de la Semana Santa de Le\u00f3n"},"content":{"rendered":"<p>El Sr. Obispo de la Di\u00f3cesis, D. Juli\u00e1n L\u00f3pez Mart\u00edn, ha emitido el Decreto de Confirmaci\u00f3n de los nuevos cargos electos de la Junta Mayor de la Semana Santa, para el pr\u00f3ximo periodo de tres a\u00f1os. <\/p>\n<p>Los hermanos nombrados y sus cargos, son los siguientes:<\/p>\n<ul>\n<li><b>Presidente:<\/b> D. Manuel \u00c1ngel Fern\u00e1ndez D\u00edez.<\/li>\n<li><b> Vicepresidente:<\/b> D. Jos\u00e9 Antonio Fresno Castro.<\/li>\n<li><b> Secretaria:<\/b>D\u00aa. In\u00e9s Diez Guti\u00e9rrez.<\/li>\n<li><b> Tesorero:<\/b>D. Julio Arredondo Fern\u00e1ndez.<\/li>\n<\/ul>\n<p>La elecci\u00f3n se realiz\u00f3 en reuni\u00f3n del Pleno de la Junta Mayor de Cofrad\u00edas y Hermandades de Semana Santa de Le\u00f3n celebrada el 15 de junio de 2017, conforme a lo indicado en sus Estatutos aprobados el 28 de marzo de 2014.<\/p>\n<p>En la misma sesi\u00f3n plenaria se constituy\u00f3 la Comisi\u00f3n Permanente de la Junta Mayor de la Semana Santa integrada por un miembro de cada una de las diecis\u00e9is Cofrad\u00edas y Hermandades de la ciudad. De entre esos segundos representantes permanentes se ha procedido a realizar la elecci\u00f3n de los cargos arriba citados.<\/p>\n<p>La Comisi\u00f3n Permanente es el \u00f3rgano de gesti\u00f3n de la Junta Mayor que coordina las actividades de la Junta Mayor y se encarga de ejecutar las decisiones tomadas por el Pleno.<\/p>\n<p>Al Pleno de la Junta Mayor pertenecen los Abades, Presidentes, Hnos. Mayores, Mayordomos y Maestre de las Cofrad\u00edas y Hermandades de la ciudad, adem\u00e1s de los citados segundos representantes.<\/p>\n<p>La Junta Mayor de la Semana Santa agradece el trabajo realizado a los hermanos que han ocupado cada una de las responsabilidades al frente de las distintas actividades de la Junta Mayor hasta la fecha. Y desea que la nueva etapa que se inicia redunde en beneficio de la Semana Santa y por extensi\u00f3n de las Cofrad\u00edas y Hermandades, y de la ciudad de Le\u00f3n.<\/p>\n","protected":false},"excerpt":{"rendered":"<p>El Sr. Obispo de la Di\u00f3cesis, D. Juli\u00e1n L\u00f3pez Mart\u00edn, ha emitido el Decreto de Confirmaci\u00f3n de los nuevos cargos electos de la Junta Mayor de la Semana Santa, para el pr\u00f3ximo periodo de tres a\u00f1os. Los hermanos nombrados y sus cargos, son los siguientes: Presidente: D. Manuel \u00c1ngel Fern\u00e1ndez D\u00edez. Vicepresidente: D. Jos\u00e9 Antonio [&hellip;]<\/p>\n","protected":false},"author":1,"featured_media":0,"comment_status":"open","ping_status":"open","sticky":false,"template":"","format":"standard","meta":{"footnotes":""},"categories":[28],"tags":[],"class_list":["post-4909","post","type-post","status-publish","format-standard","hentry","category-historico"],"_links":{"self":[{"href":"https:\/\/pruebas.cursopracticoseo.com\/wordpress_o\/wp-json\/wp\/v2\/posts\/4909","targetHints":{"allow":["GET"]}}],"collection":[{"href":"https:\/\/pruebas.cursopracticoseo.com\/wordpress_o\/wp-json\/wp\/v2\/posts"}],"about":[{"href":"https:\/\/pruebas.cursopracticoseo.com\/wordpress_o\/wp-json\/wp\/v2\/types\/post"}],"author":[{"embeddable":true,"href":"https:\/\/pruebas.cursopracticoseo.com\/wordpress_o\/wp-json\/wp\/v2\/users\/1"}],"replies":[{"embeddable":true,"href":"https:\/\/pruebas.cursopracticoseo.com\/wordpress_o\/wp-json\/wp\/v2\/comments?post=4909"}],"version-history":[{"count":0,"href":"https:\/\/pruebas.cursopracticoseo.com\/wordpress_o\/wp-json\/wp\/v2\/posts\/4909\/revisions"}],"wp:attachment":[{"href":"https:\/\/pruebas.cursopracticoseo.com\/wordpress_o\/wp-json\/wp\/v2\/media?parent=4909"}],"wp:term":[{"taxonomy":"category","embeddable":true,"href":"https:\/\/pruebas.cursopracticoseo.com\/wordpress_o\/wp-json\/wp\/v2\/categories?post=4909"},{"taxonomy":"post_tag","embeddable":true,"href":"https:\/\/pruebas.cursopracticoseo.com\/wordpress_o\/wp-json\/wp\/v2\/tags?post=4909"}],"curies":[{"name":"wp","href":"https:\/\/api.w.org\/{rel}","templated":true}]}}