{"id":4908,"date":"2017-07-02T00:00:00","date_gmt":"2017-07-02T00:00:00","guid":{"rendered":"https:\/\/pruebas.cursopracticoseo.com\/wordpress_o\/la-cofradia-maria-del-dulce-nombre-organiza-la-procesion-romeria-que-conmemora-el-512-aniversario-de-la-aparicion-de-la-virgen-del-camino\/"},"modified":"2017-07-02T00:00:00","modified_gmt":"2017-07-02T00:00:00","slug":"la-cofradia-maria-del-dulce-nombre-organiza-la-procesion-romeria-que-conmemora-el-512-aniversario-de-la-aparicion-de-la-virgen-del-camino","status":"publish","type":"post","link":"https:\/\/pruebas.cursopracticoseo.com\/wordpress_o\/la-cofradia-maria-del-dulce-nombre-organiza-la-procesion-romeria-que-conmemora-el-512-aniversario-de-la-aparicion-de-la-virgen-del-camino\/","title":{"rendered":"La COFRAD\u00cdA MAR\u00cdA DEL DULCE NOMBRE, organiza la PROCESI\u00d3N  ROMER\u00cdA que conmemora el 512 Aniversario de la Aparici\u00f3n de la Virgen del Camino."},"content":{"rendered":"<p>La COFRAD\u00cdA MAR\u00cdA DEL DULCE NOMBRE, organiza, el pr\u00f3ximo domingo 2 de Julio de 2.017 (D.m), a las 12:00 horas y en La Virgen del Camino, la PROCESI\u00d3N &#8211; ROMER\u00cdA que conmemora el 512 Aniversario de la Aparici\u00f3n de la Virgen del Camino. La procesi\u00f3n partir\u00e1 de la Bas\u00edlica de la Virgen del Camino para llegar a la Iglesia Parroquial (Humilladero). El paso titular de la Cofrad\u00eda ir\u00e1 acompa\u00f1ado de pendones, los grupos regionales ABESEDO, SAN FROIL\u00c1N y AGUA VIVA (VELILLA LA REINA), la Banda de M\u00fasica del Ayuntamiento de Valverde y la Agrupaci\u00f3n de Gaitas de la Virgen del Camino (AGAVICA). La procesi\u00f3n es el preludio a la celebraci\u00f3n de la Solemne Eucarist\u00eda en honor a la Patrona de la regi\u00f3n leonesa, con ofrenda floral y canto del Ramo a la Virgen del Camino. La jornada concluir\u00e1 con la actuaci\u00f3n de los grupos regionales participantes y degustaci\u00f3n de paella.<\/p>\n","protected":false},"excerpt":{"rendered":"<p>La COFRAD\u00cdA MAR\u00cdA DEL DULCE NOMBRE, organiza, el pr\u00f3ximo domingo 2 de Julio de 2.017 (D.m), a las 12:00 horas y en La Virgen del Camino, la PROCESI\u00d3N &#8211; ROMER\u00cdA que conmemora el 512 Aniversario de la Aparici\u00f3n de la Virgen del Camino. La procesi\u00f3n partir\u00e1 de la Bas\u00edlica de la Virgen del Camino para [&hellip;]<\/p>\n","protected":false},"author":1,"featured_media":0,"comment_status":"open","ping_status":"open","sticky":false,"template":"","format":"standard","meta":{"footnotes":""},"categories":[28],"tags":[],"class_list":["post-4908","post","type-post","status-publish","format-standard","hentry","category-historico"],"_links":{"self":[{"href":"https:\/\/pruebas.cursopracticoseo.com\/wordpress_o\/wp-json\/wp\/v2\/posts\/4908","targetHints":{"allow":["GET"]}}],"collection":[{"href":"https:\/\/pruebas.cursopracticoseo.com\/wordpress_o\/wp-json\/wp\/v2\/posts"}],"about":[{"href":"https:\/\/pruebas.cursopracticoseo.com\/wordpress_o\/wp-json\/wp\/v2\/types\/post"}],"author":[{"embeddable":true,"href":"https:\/\/pruebas.cursopracticoseo.com\/wordpress_o\/wp-json\/wp\/v2\/users\/1"}],"replies":[{"embeddable":true,"href":"https:\/\/pruebas.cursopracticoseo.com\/wordpress_o\/wp-json\/wp\/v2\/comments?post=4908"}],"version-history":[{"count":0,"href":"https:\/\/pruebas.cursopracticoseo.com\/wordpress_o\/wp-json\/wp\/v2\/posts\/4908\/revisions"}],"wp:attachment":[{"href":"https:\/\/pruebas.cursopracticoseo.com\/wordpress_o\/wp-json\/wp\/v2\/media?parent=4908"}],"wp:term":[{"taxonomy":"category","embeddable":true,"href":"https:\/\/pruebas.cursopracticoseo.com\/wordpress_o\/wp-json\/wp\/v2\/categories?post=4908"},{"taxonomy":"post_tag","embeddable":true,"href":"https:\/\/pruebas.cursopracticoseo.com\/wordpress_o\/wp-json\/wp\/v2\/tags?post=4908"}],"curies":[{"name":"wp","href":"https:\/\/api.w.org\/{rel}","templated":true}]}}