{"id":4904,"date":"2017-08-18T00:00:00","date_gmt":"2017-08-18T00:00:00","guid":{"rendered":"https:\/\/pruebas.cursopracticoseo.com\/wordpress_o\/la-semana-santa-de-leon-con-las-victimas-de-los-atentados-de-cataluna\/"},"modified":"2017-08-18T00:00:00","modified_gmt":"2017-08-18T00:00:00","slug":"la-semana-santa-de-leon-con-las-victimas-de-los-atentados-de-cataluna","status":"publish","type":"post","link":"https:\/\/pruebas.cursopracticoseo.com\/wordpress_o\/la-semana-santa-de-leon-con-las-victimas-de-los-atentados-de-cataluna\/","title":{"rendered":"La Semana Santa de Le\u00f3n con las v\u00edctimas de los atentados de Catalu\u00f1a"},"content":{"rendered":"<p>Las Cofrad\u00edas y Hermandades de la Semana Santa de Le\u00f3n y esta Junta Mayor, en su nombre, desean manifestar su m\u00e1s en\u00e9rgica repulsa por los atentados del d\u00eda de ayer en Catalu\u00f1a.<\/p>\n<p>Los cofrades leoneses elevan sus oraciones por el eterno descanso de los fallecidos y por la pronta recuperaci\u00f3n de los heridos.<\/p>\n<p>Pedimos a Dios que ilumine el camino de los cegados por el odio, para que en sus corazones pueda renacer la fraternidad con sus semejantes y se acabe de una vez y para siempre con esta sin raz\u00f3n.<\/p>\n","protected":false},"excerpt":{"rendered":"<p>Las Cofrad\u00edas y Hermandades de la Semana Santa de Le\u00f3n y esta Junta Mayor, en su nombre, desean manifestar su m\u00e1s en\u00e9rgica repulsa por los atentados del d\u00eda de ayer en Catalu\u00f1a. Los cofrades leoneses elevan sus oraciones por el eterno descanso de los fallecidos y por la pronta recuperaci\u00f3n de los heridos. Pedimos a [&hellip;]<\/p>\n","protected":false},"author":1,"featured_media":0,"comment_status":"open","ping_status":"open","sticky":false,"template":"","format":"standard","meta":{"footnotes":""},"categories":[28],"tags":[],"class_list":["post-4904","post","type-post","status-publish","format-standard","hentry","category-historico"],"_links":{"self":[{"href":"https:\/\/pruebas.cursopracticoseo.com\/wordpress_o\/wp-json\/wp\/v2\/posts\/4904","targetHints":{"allow":["GET"]}}],"collection":[{"href":"https:\/\/pruebas.cursopracticoseo.com\/wordpress_o\/wp-json\/wp\/v2\/posts"}],"about":[{"href":"https:\/\/pruebas.cursopracticoseo.com\/wordpress_o\/wp-json\/wp\/v2\/types\/post"}],"author":[{"embeddable":true,"href":"https:\/\/pruebas.cursopracticoseo.com\/wordpress_o\/wp-json\/wp\/v2\/users\/1"}],"replies":[{"embeddable":true,"href":"https:\/\/pruebas.cursopracticoseo.com\/wordpress_o\/wp-json\/wp\/v2\/comments?post=4904"}],"version-history":[{"count":0,"href":"https:\/\/pruebas.cursopracticoseo.com\/wordpress_o\/wp-json\/wp\/v2\/posts\/4904\/revisions"}],"wp:attachment":[{"href":"https:\/\/pruebas.cursopracticoseo.com\/wordpress_o\/wp-json\/wp\/v2\/media?parent=4904"}],"wp:term":[{"taxonomy":"category","embeddable":true,"href":"https:\/\/pruebas.cursopracticoseo.com\/wordpress_o\/wp-json\/wp\/v2\/categories?post=4904"},{"taxonomy":"post_tag","embeddable":true,"href":"https:\/\/pruebas.cursopracticoseo.com\/wordpress_o\/wp-json\/wp\/v2\/tags?post=4904"}],"curies":[{"name":"wp","href":"https:\/\/api.w.org\/{rel}","templated":true}]}}