{"id":4897,"date":"2017-10-27T00:00:00","date_gmt":"2017-10-27T00:00:00","guid":{"rendered":"https:\/\/pruebas.cursopracticoseo.com\/wordpress_o\/nombramiento-pregonero-de-la-semana-santa-2018\/"},"modified":"2017-10-27T00:00:00","modified_gmt":"2017-10-27T00:00:00","slug":"nombramiento-pregonero-de-la-semana-santa-2018","status":"publish","type":"post","link":"https:\/\/pruebas.cursopracticoseo.com\/wordpress_o\/nombramiento-pregonero-de-la-semana-santa-2018\/","title":{"rendered":"NOMBRAMIENTO PREGONERO DE LA SEMANA SANTA 2018"},"content":{"rendered":"<p>El Pleno de la Junta Mayor de la Semana Santa de Le\u00f3n ha acordado nombrar Pregonero de la Semana Santa 2018 a D. Javier Fern\u00e1ndez Zard\u00f3n, cari\u00f1osamente conocido en Le\u00f3n como \u201cMotorines\u201d<\/p>\n<p>El preg\u00f3n se celebrar\u00e1, D.M., el s\u00e1bado 17 de marzo de 2018 en el Auditorio Ciudad de Le\u00f3n.<\/p>\n<p>La Junta Mayor felicita al Hno. Javier Fern\u00e1ndez Zard\u00f3n y le desea el mayor de los \u00e9xitos en la realizaci\u00f3n de la tarea encomendada.<\/p>\n<p>JAVIER FERN\u00c1NDEZ ZARD\u00d3N<br \/>\nJavier Fern\u00e1ndez Zard\u00f3n, \u201cMotorines\u201d (Le\u00f3n, 1952) fue piloto de rally en aqu\u00e9llos a\u00f1os en los que decir eso en Le\u00f3n era algo tan raro como encontrar un oso hoy d\u00eda en la monta\u00f1a leonesa. Pero, tambi\u00e9n desde muy joven -que sin duda lo fue- ha llevado el periodismo en las venas tanto en su faceta radiof\u00f3nica (La Voz de Le\u00f3n-Radio cadena y m\u00e1s tarde en Antena 3, donde cre\u00f3 escuela) como escrita en su faceta gr\u00e1fica y literaria (Proa, La Hora Leonesa, y las revistas F\u00f3rmula, Autom\u00f3vil, Motociclismo, El Semanal, \u00c9poca, Motor 16, entre otras) siendo en la actualidad responsable en Diario de Le\u00f3n de la Revista Motor. En esta faceta, prestigiosos medios de toda Espa\u00f1a cuentan con su sabidur\u00eda estando entre los pocos elegidos que votan el \u201cCoche del A\u00f1o\u201d. Adem\u00e1s de su buen hacer en el mundo del motor, Javier es uno de los pocos tintin\u00f3logos -a la par que tintin\u00f3mano- que ejercen en este pa\u00eds. Si Herg\u00e9 levantara la cabeza sin duda alguna le tendr\u00eda entre su c\u00edrculo de amistades.<\/p>\n<p>Pero todos esos m\u00e9ritos no ser\u00edan mencionables en este foro si no fuera porque \u201cMotorines\u201d (bajo esta \u201centrada\u201d se le recoge en la Enciclopedia de Le\u00f3n), sobre todo y por encima de cualquier otra consideraci\u00f3n, es pap\u00f3n. Y es de Jes\u00fas. Y sobre todo, de \u201cLa Flagelaci\u00f3n\u201d paso del que es, desde los or\u00edgenes de esta figura, Bracero Mayor. Es por tanto, negro. Muy negro. Pero de los que no le duelen prendas en caer rendido a una semana de diez d\u00edas repleta de otros colores que para \u00e9l, como para muchos de nosotros, dura 365 d\u00edas al a\u00f1o (366 si bisiesto fuere como ha se\u00f1alado en m\u00e1s de una ocasi\u00f3n). Es hermano, adem\u00e1s, de las otras dos cofrad\u00edas centenarias. Y alma mater de la Iluminada Compa\u00f1\u00eda que, como sab\u00e9is, presenta cada primavera un escaparate digno de museo en la tradicional tienda Hijos de Lesmes Garc\u00eda de la mano de Juan Garc\u00eda Ant\u00f3n, \u201cLesmes\u201d, en plena calle Ancha.<\/p>\n<p>Javier suele observar nuestra com\u00fan pasi\u00f3n detr\u00e1s de su Leica regal\u00e1ndonos cada a\u00f1o espl\u00e9ndidas instant\u00e1neas de su particular visi\u00f3n de la celebraci\u00f3n pasional. Fue cartelista oficial de la Semana Santa en 1990 con una foto del Descendimiento en la Plaza Mayor (a partir de esa obra comenzar\u00edan a presentarse carteles de pasos en la calle), y Premio Pasi\u00f3n en la Onda 2012.<\/p>\n<p>En el a\u00f1o 2001 su diccionario publicado por primera vez en 1992 (tanta veces plagiado) Palabra de Pap\u00f3n mereci\u00f3 el premio de Reportajes de la Casa de Le\u00f3n en Madrid y del C\u00edrculo de Periodistas leoneses.<\/p>\n","protected":false},"excerpt":{"rendered":"<p>El Pleno de la Junta Mayor de la Semana Santa de Le\u00f3n ha acordado nombrar Pregonero de la Semana Santa 2018 a D. Javier Fern\u00e1ndez Zard\u00f3n, cari\u00f1osamente conocido en Le\u00f3n como \u201cMotorines\u201d El preg\u00f3n se celebrar\u00e1, D.M., el s\u00e1bado 17 de marzo de 2018 en el Auditorio Ciudad de Le\u00f3n. La Junta Mayor felicita al [&hellip;]<\/p>\n","protected":false},"author":1,"featured_media":0,"comment_status":"open","ping_status":"open","sticky":false,"template":"","format":"standard","meta":{"footnotes":""},"categories":[28],"tags":[],"class_list":["post-4897","post","type-post","status-publish","format-standard","hentry","category-historico"],"_links":{"self":[{"href":"https:\/\/pruebas.cursopracticoseo.com\/wordpress_o\/wp-json\/wp\/v2\/posts\/4897","targetHints":{"allow":["GET"]}}],"collection":[{"href":"https:\/\/pruebas.cursopracticoseo.com\/wordpress_o\/wp-json\/wp\/v2\/posts"}],"about":[{"href":"https:\/\/pruebas.cursopracticoseo.com\/wordpress_o\/wp-json\/wp\/v2\/types\/post"}],"author":[{"embeddable":true,"href":"https:\/\/pruebas.cursopracticoseo.com\/wordpress_o\/wp-json\/wp\/v2\/users\/1"}],"replies":[{"embeddable":true,"href":"https:\/\/pruebas.cursopracticoseo.com\/wordpress_o\/wp-json\/wp\/v2\/comments?post=4897"}],"version-history":[{"count":0,"href":"https:\/\/pruebas.cursopracticoseo.com\/wordpress_o\/wp-json\/wp\/v2\/posts\/4897\/revisions"}],"wp:attachment":[{"href":"https:\/\/pruebas.cursopracticoseo.com\/wordpress_o\/wp-json\/wp\/v2\/media?parent=4897"}],"wp:term":[{"taxonomy":"category","embeddable":true,"href":"https:\/\/pruebas.cursopracticoseo.com\/wordpress_o\/wp-json\/wp\/v2\/categories?post=4897"},{"taxonomy":"post_tag","embeddable":true,"href":"https:\/\/pruebas.cursopracticoseo.com\/wordpress_o\/wp-json\/wp\/v2\/tags?post=4897"}],"curies":[{"name":"wp","href":"https:\/\/api.w.org\/{rel}","templated":true}]}}