{"id":4895,"date":"2017-11-12T00:00:00","date_gmt":"2017-11-12T00:00:00","guid":{"rendered":"https:\/\/pruebas.cursopracticoseo.com\/wordpress_o\/fiesta-oficial-del-desenclavo\/"},"modified":"2017-11-12T00:00:00","modified_gmt":"2017-11-12T00:00:00","slug":"fiesta-oficial-del-desenclavo","status":"publish","type":"post","link":"https:\/\/pruebas.cursopracticoseo.com\/wordpress_o\/fiesta-oficial-del-desenclavo\/","title":{"rendered":"FIESTA OFICIAL DEL DESENCLAVO"},"content":{"rendered":"<p>El Domingo d\u00eda 10 de Noviembre la Cofrad\u00eda del Santo Cristo del Desenclavo celebr\u00f3 su Festividad Oficial. Los actos preparados dieron comienzo a primera hora de la ma\u00f1ana con el habitual desayuno de la Junta de Seises, al objeto de ultimar los detalles para el buen desarrollo de la jornada festiva.Al mediod\u00eda, gracias a la colaboraci\u00f3n de la Banda de Cornetas y Tambores de la Cofrad\u00eda de las Tres Ca\u00eddas de Jes\u00fas Nazareno, de San Andr\u00e9s del Rabanedo, dio comienzo un pasacalles por el Barrio de Santa Marina la Real, cuya salida fue la Plaza de San Isidoro, acompa\u00f1ada de la Junta de Seises de la Cofrad\u00eda y numeroso p\u00fablico.Fiesta de la Cofrad\u00eda 2013.Como cada a\u00f1o, media hora despu\u00e9s, dio comienzo la Santa Misa en la iglesia que da nombre al barrio, oficiada por el Consiliario del Desenclavo, el P. D. F\u00e9lix Alvarado Canal. En el transcurso de la misma se procedi\u00f3 por un lado, a la presentaci\u00f3n del Cartel que anunciar\u00e1 los actos de la pr\u00f3xima Semana Santa de 2014, que en esta ocasi\u00f3n representa a la Virgen del Mayor Dolor,siendo el autor y ganador del VI Concurso convocado este a\u00f1o para tal fin, D. Mois\u00e9s Garc\u00eda Mart\u00ednez.A continuaci\u00f3n se procedi\u00f3 a rendir un peque\u00f1o y emotivo homenaje al Seise encargado de las dos advocaciones marianas de la Cofrad\u00eda, D. Miguel \u00c1ngel L\u00f3pez Garc\u00eda, por su larga trayectoria y dedicaci\u00f3n constante hacia la Cofrad\u00eda, el cual recibi\u00f3 de manos del Hermano Mayor de un detalle que servir\u00e1 como recuerdo de este d\u00eda. Fiesta de la Cofrad\u00eda 2013.A la conclusi\u00f3n de la Santa Misa, la Banda de Cornetas y Tambores de las Tres Ca\u00eddas de Jes\u00fas Nazareno, realiz\u00f3 un concierto en el exterior del templo, en la Calle Serranos. La jornada festiva concluy\u00f3 como ya viene siendo habitual, en la degustaci\u00f3n de un Cocido Leon\u00e9s, en el restaurante \u201cLa Cueva del Marqu\u00e9s\u201d, en Cembranos.<\/p>\n","protected":false},"excerpt":{"rendered":"<p>El Domingo d\u00eda 10 de Noviembre la Cofrad\u00eda del Santo Cristo del Desenclavo celebr\u00f3 su Festividad Oficial. Los actos preparados dieron comienzo a primera hora de la ma\u00f1ana con el habitual desayuno de la Junta de Seises, al objeto de ultimar los detalles para el buen desarrollo de la jornada festiva.Al mediod\u00eda, gracias a la [&hellip;]<\/p>\n","protected":false},"author":1,"featured_media":0,"comment_status":"open","ping_status":"open","sticky":false,"template":"","format":"standard","meta":{"footnotes":""},"categories":[28],"tags":[],"class_list":["post-4895","post","type-post","status-publish","format-standard","hentry","category-historico"],"_links":{"self":[{"href":"https:\/\/pruebas.cursopracticoseo.com\/wordpress_o\/wp-json\/wp\/v2\/posts\/4895","targetHints":{"allow":["GET"]}}],"collection":[{"href":"https:\/\/pruebas.cursopracticoseo.com\/wordpress_o\/wp-json\/wp\/v2\/posts"}],"about":[{"href":"https:\/\/pruebas.cursopracticoseo.com\/wordpress_o\/wp-json\/wp\/v2\/types\/post"}],"author":[{"embeddable":true,"href":"https:\/\/pruebas.cursopracticoseo.com\/wordpress_o\/wp-json\/wp\/v2\/users\/1"}],"replies":[{"embeddable":true,"href":"https:\/\/pruebas.cursopracticoseo.com\/wordpress_o\/wp-json\/wp\/v2\/comments?post=4895"}],"version-history":[{"count":0,"href":"https:\/\/pruebas.cursopracticoseo.com\/wordpress_o\/wp-json\/wp\/v2\/posts\/4895\/revisions"}],"wp:attachment":[{"href":"https:\/\/pruebas.cursopracticoseo.com\/wordpress_o\/wp-json\/wp\/v2\/media?parent=4895"}],"wp:term":[{"taxonomy":"category","embeddable":true,"href":"https:\/\/pruebas.cursopracticoseo.com\/wordpress_o\/wp-json\/wp\/v2\/categories?post=4895"},{"taxonomy":"post_tag","embeddable":true,"href":"https:\/\/pruebas.cursopracticoseo.com\/wordpress_o\/wp-json\/wp\/v2\/tags?post=4895"}],"curies":[{"name":"wp","href":"https:\/\/api.w.org\/{rel}","templated":true}]}}