{"id":4887,"date":"2017-11-27T00:00:00","date_gmt":"2017-11-27T00:00:00","guid":{"rendered":"https:\/\/pruebas.cursopracticoseo.com\/wordpress_o\/sin-perder-el-paso\/"},"modified":"2017-11-27T00:00:00","modified_gmt":"2017-11-27T00:00:00","slug":"sin-perder-el-paso","status":"publish","type":"post","link":"https:\/\/pruebas.cursopracticoseo.com\/wordpress_o\/sin-perder-el-paso\/","title":{"rendered":"Sin perder el paso"},"content":{"rendered":"<p>Conscientes de la importancia de profundizar en diferentes aspectos que tienen que ver con nuestra cofrad\u00eda, se ha organizado, a lo largo de todo el curso 2017\/2018, un plan de formaci\u00f3n cofrade que, bajo la denominaci\u00f3n \u201cSin perder el paso\u201d, pretende servir para comprender mejor nuestra condici\u00f3n de papones. Todas las sesiones tendr\u00e1n lugar a las 20:30 h. en la sede social de la cofrad\u00eda (C\/ Cipriano de la Huerga, 10), y la asistencia est\u00e1 abierta, hasta completar aforo, para todos los hermanos que lo deseen. \u201cSin perder el paso\u201d 2017\/2018 comienza el pr\u00f3ximo lunes, 27 de noviembre, de la mano de Jorge Garc\u00eda Rodr\u00edguez, con la ponencia titulada \u201cCofrad\u00edas en salida\u201d en la que profundizar\u00e1 en la raz\u00f3n de ser de las cofrad\u00edas y el papel que han de desarrollar. Pap\u00f3n desde ni\u00f1o, Jorge Garc\u00eda Rodr\u00edguez es en actualidad Delegado episcopal para la Junta Mayor de Cofrad\u00edas y Hermandades de Semana Santa de Le\u00f3n, adem\u00e1s de p\u00e1rroco de la Unidad Pastoral de Gordaliza del Pino y arcipreste de Tierra de Campos. Programaci\u00f3n 27 de noviembre de 2017 Ponente: Jorge Garc\u00eda Rodr\u00edguez (Delegado episcopal para la Junta Mayor de Cofrad\u00edas y Hermandades de Semana Santa de Le\u00f3n) Marco tem\u00e1tico: \u00bfQu\u00e9 es una cofrad\u00eda? \u00bfQu\u00e9 significa ser cofrade? Tipos de cofrad\u00edas. El papel de las cofrad\u00edas en la Iglesia. Las cofrad\u00edas como agente evangelizador. Labor social. Labor cultural. Normativa. Estructura. Las procesiones, manifestaciones de fe. Catequesis en la calle. Los pasos. Las im\u00e1genes. 18 de diciembre de 2017 Ponente: Teodoro Valbuena Fern\u00e1ndez (P\u00e1rroco in solidum de la parroquia de San Miguel Arc\u00e1ngel de Navatejera [Agrupaci\u00f3n Parroquial San Jos\u00e9]). Marco tem\u00e1tico: Cristo, centro de nuestra fe. Mar\u00eda, Madre de Dios. Los santos. 29 de enero de 2018 Ponente: Orestes Santos Bermejo (Administrador de la parroquia de San Claudio). Marco tem\u00e1tico: La primera Semana Santa. El misterio pascual. La Pasi\u00f3n y Muerte no tienen sentido sin la Resurrecci\u00f3n. La eucarist\u00eda. 26 de febrero de 2018 Ponente: Luis Garc\u00eda Guti\u00e9rrez (Delegado episcopal de Pastoral Lit\u00fargica y Piedad Popular de la di\u00f3cesis de Le\u00f3n). Marco tem\u00e1tico: Liturgia y Semana Santa. La Semana Santa en la iglesia. La Semana Santa en la calle. 16 de abril de 2018 Ponente: Carlos Garc\u00eda Rioja (Director de la revista Preg\u00f3n). Marco tem\u00e1tico: La Semana Santa leonesa en el \u2018universo\u2019 cofrade. La Semana Santa en Espa\u00f1a (y en el mundo). Diferentes formas de entender la Semana Santa. Particularidades de la Semana Santa de Le\u00f3n. Evoluci\u00f3n de la Semana Santa leonesa hasta nuestros d\u00edas. 14 de mayo de 2018 Ponente: Jos\u00e9 Rom\u00e1n Flecha Andr\u00e9s (Profesor em\u00e9rito de la Universidad Pontificia de Salamanca). Marco tem\u00e1tico: \u00bfQu\u00e9 son las Bienaventuranzas? El Serm\u00f3n de la Monta\u00f1a. La actualizaci\u00f3n de los Mandamientos. El \u201cmanual del buen cristiano\u201d. 4 de junio de 2018 Ponente: Xuas\u00fas Gonz\u00e1lez (Director de comunicaci\u00f3n de la cofrad\u00eda del Santo Cristo de la Bienaventuranza). Marco tem\u00e1tico: Qu\u00e9 son las Bienaventuranzas? El Serm\u00f3n de la Monta\u00f1a. La actualizaci\u00f3n de los Mandamientos. El \u201cmanual del buen cristiano\u201d.<\/p>\n","protected":false},"excerpt":{"rendered":"<p>Conscientes de la importancia de profundizar en diferentes aspectos que tienen que ver con nuestra cofrad\u00eda, se ha organizado, a lo largo de todo el curso 2017\/2018, un plan de formaci\u00f3n cofrade que, bajo la denominaci\u00f3n \u201cSin perder el paso\u201d, pretende servir para comprender mejor nuestra condici\u00f3n de papones. Todas las sesiones tendr\u00e1n lugar a [&hellip;]<\/p>\n","protected":false},"author":1,"featured_media":0,"comment_status":"open","ping_status":"open","sticky":false,"template":"","format":"standard","meta":{"footnotes":""},"categories":[28],"tags":[],"class_list":["post-4887","post","type-post","status-publish","format-standard","hentry","category-historico"],"_links":{"self":[{"href":"https:\/\/pruebas.cursopracticoseo.com\/wordpress_o\/wp-json\/wp\/v2\/posts\/4887","targetHints":{"allow":["GET"]}}],"collection":[{"href":"https:\/\/pruebas.cursopracticoseo.com\/wordpress_o\/wp-json\/wp\/v2\/posts"}],"about":[{"href":"https:\/\/pruebas.cursopracticoseo.com\/wordpress_o\/wp-json\/wp\/v2\/types\/post"}],"author":[{"embeddable":true,"href":"https:\/\/pruebas.cursopracticoseo.com\/wordpress_o\/wp-json\/wp\/v2\/users\/1"}],"replies":[{"embeddable":true,"href":"https:\/\/pruebas.cursopracticoseo.com\/wordpress_o\/wp-json\/wp\/v2\/comments?post=4887"}],"version-history":[{"count":0,"href":"https:\/\/pruebas.cursopracticoseo.com\/wordpress_o\/wp-json\/wp\/v2\/posts\/4887\/revisions"}],"wp:attachment":[{"href":"https:\/\/pruebas.cursopracticoseo.com\/wordpress_o\/wp-json\/wp\/v2\/media?parent=4887"}],"wp:term":[{"taxonomy":"category","embeddable":true,"href":"https:\/\/pruebas.cursopracticoseo.com\/wordpress_o\/wp-json\/wp\/v2\/categories?post=4887"},{"taxonomy":"post_tag","embeddable":true,"href":"https:\/\/pruebas.cursopracticoseo.com\/wordpress_o\/wp-json\/wp\/v2\/tags?post=4887"}],"curies":[{"name":"wp","href":"https:\/\/api.w.org\/{rel}","templated":true}]}}