{"id":4886,"date":"2017-11-28T00:00:00","date_gmt":"2017-11-28T00:00:00","guid":{"rendered":"https:\/\/pruebas.cursopracticoseo.com\/wordpress_o\/jorge-garcia-una-cofradia-es-mucho-mas-que-una-comision-de-festejos-por-solemnes-y-sagrados-que-estos-sean\/"},"modified":"2017-11-28T00:00:00","modified_gmt":"2017-11-28T00:00:00","slug":"jorge-garcia-una-cofradia-es-mucho-mas-que-una-comision-de-festejos-por-solemnes-y-sagrados-que-estos-sean","status":"publish","type":"post","link":"https:\/\/pruebas.cursopracticoseo.com\/wordpress_o\/jorge-garcia-una-cofradia-es-mucho-mas-que-una-comision-de-festejos-por-solemnes-y-sagrados-que-estos-sean\/","title":{"rendered":"Jorge Garc\u00eda: \u201cUna cofrad\u00eda es mucho m\u00e1s que una comisi\u00f3n de festejos, por solemnes y sagrados que estos sean\u201d"},"content":{"rendered":"<p>El delegado episcopal en la Junta Mayor inaugura el plan de formaci\u00f3n cofrade \u201cSin perder el paso\u201d que organiza la cofrad\u00eda del Santo Cristo de la Bienaventuranza de la capital leonesa.<\/p>\n<p>De la mano de Jorge Garc\u00eda Rodr\u00edguez, delegado episcopal para la Junta Mayor de Cofrad\u00edas y Hermandades de Semana Santa de Le\u00f3n, y con la ponencia titulada \u201cCofrad\u00edas en salida\u201d, arrancaba en la tarde-noche del 27 de noviembre el plan de formaci\u00f3n cofrade \u201cSin perder el paso\u201d 2017\/2018 de la cofrad\u00eda del Santo Cristo de la Bienaventuranza de la capital leonesa.<\/p>\n<p>Con el culto y la caridad como pilares fundamentales, Garc\u00eda Rodr\u00edguez record\u00f3 que una cofrad\u00eda es mucho m\u00e1s que una comisi\u00f3n de festejos, por muy sagrados y solemnes que estos sean. Y apost\u00f3 por \u2018construir\u2019 una verdadera hermandad durante todo el a\u00f1o, esto es, ser hermano junto a otros hermanos \u2013que es lo que, en definitiva, viene a significar \u2018cofrad\u00eda\u2019\u2013, vivir la fe en comunidad y no en solitario.<\/p>\n<p>Y eso pasa necesariamente por conocerse; porque conocerse es la \u00fanica forma de quererse, y quererse, la mejor manera de ser hermanos. Acudiendo una vez al a\u00f1o a la procesi\u00f3n, es muy dif\u00edcil; pero la cosa cambia cuando se promueve la participaci\u00f3n en cultos, tertulias, exposiciones, arreglo de enseres, encuentros, reuniones\u2026<\/p>\n<p>Jorge Garc\u00eda reivindic\u00f3 tambi\u00e9n el papel de las im\u00e1genes titulares \u2013el Santo Cristo de la Bienaventuranza en el caso de la penitencial de San Claudio\u2013, esas que significan \u2013sin saber muy bien por qu\u00e9\u2013 algo especial, que se visitan en su templo, que le vienen a uno a la mente al rezar, cuya estampa se lleva en la cartera\u2026<\/p>\n<p>Pero esas im\u00e1genes han de ser, en definitiva, una evocaci\u00f3n de Cristo o, en su caso, de su Madre. Porque todas representan alguna caracter\u00edstica de Jesucristo o de la Virgen, y por eso son objeto de veneraci\u00f3n, puesto que solo se adora a Dios.<\/p>\n<p>Los cofrades se caracterizan de alguna forma por esa particular manera de ser cristiano que brota de la contemplaci\u00f3n de las im\u00e1genes titulares; una contemplaci\u00f3n que ha de prolongarse en la celebraci\u00f3n de los sacramentos y de la vida cotidiana.<\/p>\n<p>Por \u00faltimo, Garc\u00eda Rodr\u00edguez insisti\u00f3 en la importancia de la acci\u00f3n social en las cofrad\u00edas, porque no se entender\u00eda a Cristo dirigi\u00e9ndose a los cofrades: \u201cTuve hambre, y me ofrecisteis flores; tuve sed, y me disteis a beber cera derretida; estuve desnudo y me cubristeis con mantos bordados de oro\u2026\u201d.<\/p>\n<p>M\u00e1s vale encender una cerilla que maldecir la oscuridad \u2013conclu\u00eda\u2013 y, por poco que se pueda hacer en la cofrad\u00eda, menos es nada. Y sentenci\u00f3: \u201cla aut\u00e9ntica hermandad pasa por compartir y compartirse, por repartir y repartirse; esa es la eucarist\u00eda, en lo que tenemos y en lo que somos. Sin vaciarnos, incluso nuestros bolsillos, es dif\u00edcil llenarnos del amor de Dios\u201d.<\/p>\n","protected":false},"excerpt":{"rendered":"<p>El delegado episcopal en la Junta Mayor inaugura el plan de formaci\u00f3n cofrade \u201cSin perder el paso\u201d que organiza la cofrad\u00eda del Santo Cristo de la Bienaventuranza de la capital leonesa. De la mano de Jorge Garc\u00eda Rodr\u00edguez, delegado episcopal para la Junta Mayor de Cofrad\u00edas y Hermandades de Semana Santa de Le\u00f3n, y con [&hellip;]<\/p>\n","protected":false},"author":1,"featured_media":0,"comment_status":"open","ping_status":"open","sticky":false,"template":"","format":"standard","meta":{"footnotes":""},"categories":[28],"tags":[],"class_list":["post-4886","post","type-post","status-publish","format-standard","hentry","category-historico"],"_links":{"self":[{"href":"https:\/\/pruebas.cursopracticoseo.com\/wordpress_o\/wp-json\/wp\/v2\/posts\/4886","targetHints":{"allow":["GET"]}}],"collection":[{"href":"https:\/\/pruebas.cursopracticoseo.com\/wordpress_o\/wp-json\/wp\/v2\/posts"}],"about":[{"href":"https:\/\/pruebas.cursopracticoseo.com\/wordpress_o\/wp-json\/wp\/v2\/types\/post"}],"author":[{"embeddable":true,"href":"https:\/\/pruebas.cursopracticoseo.com\/wordpress_o\/wp-json\/wp\/v2\/users\/1"}],"replies":[{"embeddable":true,"href":"https:\/\/pruebas.cursopracticoseo.com\/wordpress_o\/wp-json\/wp\/v2\/comments?post=4886"}],"version-history":[{"count":0,"href":"https:\/\/pruebas.cursopracticoseo.com\/wordpress_o\/wp-json\/wp\/v2\/posts\/4886\/revisions"}],"wp:attachment":[{"href":"https:\/\/pruebas.cursopracticoseo.com\/wordpress_o\/wp-json\/wp\/v2\/media?parent=4886"}],"wp:term":[{"taxonomy":"category","embeddable":true,"href":"https:\/\/pruebas.cursopracticoseo.com\/wordpress_o\/wp-json\/wp\/v2\/categories?post=4886"},{"taxonomy":"post_tag","embeddable":true,"href":"https:\/\/pruebas.cursopracticoseo.com\/wordpress_o\/wp-json\/wp\/v2\/tags?post=4886"}],"curies":[{"name":"wp","href":"https:\/\/api.w.org\/{rel}","templated":true}]}}