{"id":4884,"date":"2017-12-02T00:00:00","date_gmt":"2017-12-02T00:00:00","guid":{"rendered":"https:\/\/pruebas.cursopracticoseo.com\/wordpress_o\/vi-concierto-de-villancicos-por-una-navidad-para-todos\/"},"modified":"2017-12-02T00:00:00","modified_gmt":"2017-12-02T00:00:00","slug":"vi-concierto-de-villancicos-por-una-navidad-para-todos","status":"publish","type":"post","link":"https:\/\/pruebas.cursopracticoseo.com\/wordpress_o\/vi-concierto-de-villancicos-por-una-navidad-para-todos\/","title":{"rendered":"VI Concierto de Villancicos \u00abPor una Navidad para Todos\u00bb"},"content":{"rendered":"<p>El pr\u00f3ximo s\u00e1bado 2 de diciembre la Cofrad\u00eda de las Siete Palabras de Jes\u00fas en la Cruz de Le\u00f3n organiza la VI Edici\u00f3n del Concierto de Villancicos \u00abPOR UNA NAVIDAD PARA TODOS\u00bb en la Iglesia de los PP. Capuchinos de Le\u00f3n, a las 20.15 horas. La Banda de M\u00fasica de la Cofrad\u00eda acercar\u00e1 la Navidad a todos los que quieran disfrutar de una tarde-noche llena de magia donde un Cartero Real recoger\u00e1 las cartas que los m\u00e1s peque\u00f1os quieran hacer llegar a los Magos de Oriente, y se har\u00e1 entrega de los premios y diplomas a los ganadores y finalistas, del Colegio Leon\u00e9s, del II concurso \u00abSalva Silva\u00bb de postales navide\u00f1as. La entrada al concierto es gratuita, no obstante, dado el car\u00e1cter ben\u00e9fico del mismo, se agradece la entrega de 1Kg de alimentos no perecederos. Todos los alimentos recogidos con motivo de este concierto ser\u00e1n entregados a la Obra Social Franciscana. Asimismo se pondr\u00e1 a la venta, con car\u00e1cter ben\u00e9fico, la felicitaci\u00f3n navide\u00f1a ganadora del II concurso \u00abSalva Silva\u00bb, obra de la alumna de 6\u00ba curso del Colegio Leon\u00e9s Ana Paz Barrio.<\/p>\n","protected":false},"excerpt":{"rendered":"<p>El pr\u00f3ximo s\u00e1bado 2 de diciembre la Cofrad\u00eda de las Siete Palabras de Jes\u00fas en la Cruz de Le\u00f3n organiza la VI Edici\u00f3n del Concierto de Villancicos \u00abPOR UNA NAVIDAD PARA TODOS\u00bb en la Iglesia de los PP. Capuchinos de Le\u00f3n, a las 20.15 horas. La Banda de M\u00fasica de la Cofrad\u00eda acercar\u00e1 la Navidad [&hellip;]<\/p>\n","protected":false},"author":1,"featured_media":0,"comment_status":"open","ping_status":"open","sticky":false,"template":"","format":"standard","meta":{"footnotes":""},"categories":[28],"tags":[],"class_list":["post-4884","post","type-post","status-publish","format-standard","hentry","category-historico"],"_links":{"self":[{"href":"https:\/\/pruebas.cursopracticoseo.com\/wordpress_o\/wp-json\/wp\/v2\/posts\/4884","targetHints":{"allow":["GET"]}}],"collection":[{"href":"https:\/\/pruebas.cursopracticoseo.com\/wordpress_o\/wp-json\/wp\/v2\/posts"}],"about":[{"href":"https:\/\/pruebas.cursopracticoseo.com\/wordpress_o\/wp-json\/wp\/v2\/types\/post"}],"author":[{"embeddable":true,"href":"https:\/\/pruebas.cursopracticoseo.com\/wordpress_o\/wp-json\/wp\/v2\/users\/1"}],"replies":[{"embeddable":true,"href":"https:\/\/pruebas.cursopracticoseo.com\/wordpress_o\/wp-json\/wp\/v2\/comments?post=4884"}],"version-history":[{"count":0,"href":"https:\/\/pruebas.cursopracticoseo.com\/wordpress_o\/wp-json\/wp\/v2\/posts\/4884\/revisions"}],"wp:attachment":[{"href":"https:\/\/pruebas.cursopracticoseo.com\/wordpress_o\/wp-json\/wp\/v2\/media?parent=4884"}],"wp:term":[{"taxonomy":"category","embeddable":true,"href":"https:\/\/pruebas.cursopracticoseo.com\/wordpress_o\/wp-json\/wp\/v2\/categories?post=4884"},{"taxonomy":"post_tag","embeddable":true,"href":"https:\/\/pruebas.cursopracticoseo.com\/wordpress_o\/wp-json\/wp\/v2\/tags?post=4884"}],"curies":[{"name":"wp","href":"https:\/\/api.w.org\/{rel}","templated":true}]}}