{"id":4877,"date":"2018-01-02T00:00:00","date_gmt":"2018-01-02T00:00:00","guid":{"rendered":"https:\/\/pruebas.cursopracticoseo.com\/wordpress_o\/junta-mayor-de-la-semana-santa-de-leon-in-memorian-d-argimiro-alonso-gonzalez\/"},"modified":"2018-01-02T00:00:00","modified_gmt":"2018-01-02T00:00:00","slug":"junta-mayor-de-la-semana-santa-de-leon-in-memorian-d-argimiro-alonso-gonzalez","status":"publish","type":"post","link":"https:\/\/pruebas.cursopracticoseo.com\/wordpress_o\/junta-mayor-de-la-semana-santa-de-leon-in-memorian-d-argimiro-alonso-gonzalez\/","title":{"rendered":"JUNTA MAYOR DE LA SEMANA SANTA DE LE\u00d3N  IN MEMORIAN: D. ARGIMIRO ALONSO GONZ\u00c1LEZ"},"content":{"rendered":"<p>La Junta Mayor de la Semana Santa de Le\u00f3n, en nombre de todas las Cofrad\u00edas y Hermandades de la Semana Santa de la ciudad y en el suyo propio, lamenta, profundamente, el fallecimiento del Muy Ilustre Rvdo. Sr. D. Argimiro Alonso Gonz\u00e1lez, Can\u00f3nigo de la Santa Iglesia Catedral y Consiliario de la Cofrad\u00eda Mar\u00eda del Dulce Nombre.<\/p>\n<p>D. Argimiro naci\u00f3 en Reyero (Le\u00f3n) el treinta de septiembre de 1931. Realiz\u00f3 sus estudios eclesi\u00e1sticos en el Seminario de Le\u00f3n y obtuvo Licenciatura en Sagrada Teolog\u00eda por la Universidad de Comillas.<\/p>\n<p>Fue ordenado sacerdote el veintitr\u00e9s de septiembre de 1956, iniciando su tarea sacerdotal, como coadjutor, en Cistierna. P\u00e1rroco de Olleros de Sabero desde el once de febrero de 1958 hasta el veintinueve de agosto de 1969. En esa fecha comienza su tarea como Ec\u00f3nomo en la Parroquia de San Mart\u00edn en Le\u00f3n. Es nombrado P\u00e1rroco el veintinueve de septiembre de 1969, responsabilidad que desempe\u00f1a hasta el veintiocho de junio de 2013. Durante su permanencia en la Parroquia tuvo una amplia vinculaci\u00f3n con las Cofrad\u00edas de la Semana Santa. Ha sido Director Nato de la Real Cofrad\u00eda de Minerva y Veracruz; Consiliario de la Cofrad\u00eda de Nuestro Se\u00f1or Jes\u00fas de la Redenci\u00f3n, ostentando el cargo con car\u00e1cter honorario en la actualidad, y Consiliario de la Cofrad\u00eda Mar\u00eda del Dulce Nombre, responsabilidad que ha ejercido hasta este momento. El 15 de diciembre de 2010 fue nombrado Can\u00f3nigo de la Santa Iglesia Catedral, tarea que desempe\u00f1aba en la actualidad.<\/p>\n<p>Adem\u00e1s, ha servido en otras tareas diocesanas, muchas de ellas con varios mandatos, como Tenientearcipreste de Rivesla, Vocal de la Junta Patronato de la Obra Hospitalaria de Nuestra Se\u00f1ora de Regla, Miembro de la Junta Administrativa de la Caja de Compensaci\u00f3n, Miembro del Consejo Presbiteral, Examinador prosinodal, Miembro del Colegio de Consultores y Consiliario de Cofrad\u00eda de \u00c1nimas y Santo Cristo de fuera de San Mart\u00edn.<\/p>\n<p>Tambi\u00e9n ha sido un incansable colaborador con todas las Cofrad\u00edas y Hermandades que llamaban a su puerta, camillero en la Hospitalidad de Nuestra Se\u00f1ora de Lourdes, con activa participaci\u00f3n en sus peregrinaciones diocesanas con enfermos a Lourdes, y una persona cercana a las gentes de la Barriada de San Mart\u00edn.<\/p>\n<p>Nos unimos en el dolor a sus familiares, Obispo Diocesano, Sacerdotes, Abades, Juntas de Gobierno y hermanos de la Real Cofrad\u00eda de Minerva y Veracruz, Cofrad\u00eda Nuestro Se\u00f1or Jes\u00fas de la Redenci\u00f3n y Cofrad\u00eda Mar\u00eda del Dulce Nombre, a la que deja hu\u00e9rfana pues ha sido su Consiliario desde la fundaci\u00f3n, feligres\u00eda de la Parroquia de San Mart\u00edn, cofrades leoneses y amigos.<\/p>\n<p>Agradecemos, de coraz\u00f3n, su dedicaci\u00f3n y entrega a las cofrad\u00edas y hermandades de la ciudad, elevamos nuestras oraciones por el eterno descanso de su alma y confiamos en que se encontrar\u00e1 disfrutando de la presencia de Dios Padre, acompa\u00f1ado de la Virgen Mar\u00eda y su hijo Jesucristo en las distintas advocaciones vinculadas a las Cofrad\u00edas radicadas en la Parroquia de San Mart\u00edn. Descanse en Paz.<\/p>\n","protected":false},"excerpt":{"rendered":"<p>La Junta Mayor de la Semana Santa de Le\u00f3n, en nombre de todas las Cofrad\u00edas y Hermandades de la Semana Santa de la ciudad y en el suyo propio, lamenta, profundamente, el fallecimiento del Muy Ilustre Rvdo. Sr. D. Argimiro Alonso Gonz\u00e1lez, Can\u00f3nigo de la Santa Iglesia Catedral y Consiliario de la Cofrad\u00eda Mar\u00eda del [&hellip;]<\/p>\n","protected":false},"author":1,"featured_media":0,"comment_status":"open","ping_status":"open","sticky":false,"template":"","format":"standard","meta":{"footnotes":""},"categories":[28],"tags":[],"class_list":["post-4877","post","type-post","status-publish","format-standard","hentry","category-historico"],"_links":{"self":[{"href":"https:\/\/pruebas.cursopracticoseo.com\/wordpress_o\/wp-json\/wp\/v2\/posts\/4877","targetHints":{"allow":["GET"]}}],"collection":[{"href":"https:\/\/pruebas.cursopracticoseo.com\/wordpress_o\/wp-json\/wp\/v2\/posts"}],"about":[{"href":"https:\/\/pruebas.cursopracticoseo.com\/wordpress_o\/wp-json\/wp\/v2\/types\/post"}],"author":[{"embeddable":true,"href":"https:\/\/pruebas.cursopracticoseo.com\/wordpress_o\/wp-json\/wp\/v2\/users\/1"}],"replies":[{"embeddable":true,"href":"https:\/\/pruebas.cursopracticoseo.com\/wordpress_o\/wp-json\/wp\/v2\/comments?post=4877"}],"version-history":[{"count":0,"href":"https:\/\/pruebas.cursopracticoseo.com\/wordpress_o\/wp-json\/wp\/v2\/posts\/4877\/revisions"}],"wp:attachment":[{"href":"https:\/\/pruebas.cursopracticoseo.com\/wordpress_o\/wp-json\/wp\/v2\/media?parent=4877"}],"wp:term":[{"taxonomy":"category","embeddable":true,"href":"https:\/\/pruebas.cursopracticoseo.com\/wordpress_o\/wp-json\/wp\/v2\/categories?post=4877"},{"taxonomy":"post_tag","embeddable":true,"href":"https:\/\/pruebas.cursopracticoseo.com\/wordpress_o\/wp-json\/wp\/v2\/tags?post=4877"}],"curies":[{"name":"wp","href":"https:\/\/api.w.org\/{rel}","templated":true}]}}