{"id":4874,"date":"2018-01-20T00:00:00","date_gmt":"2018-01-20T00:00:00","guid":{"rendered":"https:\/\/pruebas.cursopracticoseo.com\/wordpress_o\/la-semana-santa-de-leon-estara-presente-en-la-feria-internacional-de-turismo-fitur-que-se-celebra-en-madrid\/"},"modified":"2018-01-20T00:00:00","modified_gmt":"2018-01-20T00:00:00","slug":"la-semana-santa-de-leon-estara-presente-en-la-feria-internacional-de-turismo-fitur-que-se-celebra-en-madrid","status":"publish","type":"post","link":"https:\/\/pruebas.cursopracticoseo.com\/wordpress_o\/la-semana-santa-de-leon-estara-presente-en-la-feria-internacional-de-turismo-fitur-que-se-celebra-en-madrid\/","title":{"rendered":"LA SEMANA SANTA DE LE\u00d3N ESTAR\u00c1 PRESENTE EN LA FERIA INTERNACIONAL DE TURISMO (FITUR) QUE SE CELEBRA EN MADRID"},"content":{"rendered":"<p>Desde el d\u00eda 17 y hasta el d\u00eda 21 de enero viene celebr\u00e1ndose en Madrid la Feria Internacional de Turismo (FITUR). El pr\u00f3ximo s\u00e1bado d\u00eda 20 de enero, en el Pabell\u00f3n 7 de IFEMA y en su stand, la Junta de Castilla y Le\u00f3n dar\u00e1 a conocer su Semana Santa, asistiendo las Juntas Mayores de las diversas ciudades que la componen.<\/p>\n<p>La semana Santa de Le\u00f3n estar\u00e1 presente, en tan importante evento, contando con la presencia del Presidente de la misma D. Manuel \u00c1ngel Fern\u00e1ndez D\u00edez.<\/p>\n<p>En su intervenci\u00f3n dar\u00e1 a conocer los diversos actos religiosos y de otra \u00edndole en los cuales las Cofrad\u00eda y Hermandades de Le\u00f3n conmemoran la Pasi\u00f3n, Muerte y Resurrecci\u00f3n de Cristo, desde el Viernes de Dolores hasta el Domingo de Resurrecci\u00f3n.<\/p>\n<p>Esta intervenci\u00f3n estar\u00e1 apoyada con la proyecci\u00f3n de un video promocional de la Semana Santa de Le\u00f3n.<\/p>\n<p>Adem\u00e1s de la presencia del Presidente de la Junta Mayor de Cofrad\u00edas y Hermandades de la Semana Santa de Le\u00f3n, en los stands patrocinados por la Junta de Castilla y Le\u00f3n y por el Consorcio Provincial de Turismo de Le\u00f3n, los asistentes a la feria podr\u00e1n acceder a diversos folletos, gu\u00edas, etc. y al cartel oficial de la Semana Santa de Le\u00f3n 2018.<\/p>\n<p>La Junta Mayor de la Semana Santa apuesta firmemente por la presencia de la Semana Santa de Le\u00f3n en cualquier evento con el fin de darla a conocer y mantenerla como uno de las efem\u00e9rides m\u00e1s significativos de nuestra ciudad.<\/p>\n","protected":false},"excerpt":{"rendered":"<p>Desde el d\u00eda 17 y hasta el d\u00eda 21 de enero viene celebr\u00e1ndose en Madrid la Feria Internacional de Turismo (FITUR). El pr\u00f3ximo s\u00e1bado d\u00eda 20 de enero, en el Pabell\u00f3n 7 de IFEMA y en su stand, la Junta de Castilla y Le\u00f3n dar\u00e1 a conocer su Semana Santa, asistiendo las Juntas Mayores de [&hellip;]<\/p>\n","protected":false},"author":1,"featured_media":0,"comment_status":"open","ping_status":"open","sticky":false,"template":"","format":"standard","meta":{"footnotes":""},"categories":[28],"tags":[],"class_list":["post-4874","post","type-post","status-publish","format-standard","hentry","category-historico"],"_links":{"self":[{"href":"https:\/\/pruebas.cursopracticoseo.com\/wordpress_o\/wp-json\/wp\/v2\/posts\/4874","targetHints":{"allow":["GET"]}}],"collection":[{"href":"https:\/\/pruebas.cursopracticoseo.com\/wordpress_o\/wp-json\/wp\/v2\/posts"}],"about":[{"href":"https:\/\/pruebas.cursopracticoseo.com\/wordpress_o\/wp-json\/wp\/v2\/types\/post"}],"author":[{"embeddable":true,"href":"https:\/\/pruebas.cursopracticoseo.com\/wordpress_o\/wp-json\/wp\/v2\/users\/1"}],"replies":[{"embeddable":true,"href":"https:\/\/pruebas.cursopracticoseo.com\/wordpress_o\/wp-json\/wp\/v2\/comments?post=4874"}],"version-history":[{"count":0,"href":"https:\/\/pruebas.cursopracticoseo.com\/wordpress_o\/wp-json\/wp\/v2\/posts\/4874\/revisions"}],"wp:attachment":[{"href":"https:\/\/pruebas.cursopracticoseo.com\/wordpress_o\/wp-json\/wp\/v2\/media?parent=4874"}],"wp:term":[{"taxonomy":"category","embeddable":true,"href":"https:\/\/pruebas.cursopracticoseo.com\/wordpress_o\/wp-json\/wp\/v2\/categories?post=4874"},{"taxonomy":"post_tag","embeddable":true,"href":"https:\/\/pruebas.cursopracticoseo.com\/wordpress_o\/wp-json\/wp\/v2\/tags?post=4874"}],"curies":[{"name":"wp","href":"https:\/\/api.w.org\/{rel}","templated":true}]}}