{"id":4870,"date":"2018-01-29T00:00:00","date_gmt":"2018-01-29T00:00:00","guid":{"rendered":"https:\/\/pruebas.cursopracticoseo.com\/wordpress_o\/orestes-santos-bermejo-recorre-la-primera-santa-santa-en-el-plan-de-formacion-cofrade-sin-perder-el-paso-de-la-bienaventuranza\/"},"modified":"2018-01-29T00:00:00","modified_gmt":"2018-01-29T00:00:00","slug":"orestes-santos-bermejo-recorre-la-primera-santa-santa-en-el-plan-de-formacion-cofrade-sin-perder-el-paso-de-la-bienaventuranza","status":"publish","type":"post","link":"https:\/\/pruebas.cursopracticoseo.com\/wordpress_o\/orestes-santos-bermejo-recorre-la-primera-santa-santa-en-el-plan-de-formacion-cofrade-sin-perder-el-paso-de-la-bienaventuranza\/","title":{"rendered":"Orestes Santos Bermejo recorre \u201cLa primera Santa Santa\u201d en el plan de formaci\u00f3n cofrade \u201cSin perder el paso\u201d de la Bienaventuranza"},"content":{"rendered":"<p>El pasado lunes, 29 de enero, la sede social de la Cofrad\u00eda del Santo Cristo de la Bienaventuranza de Le\u00f3n acog\u00eda una nueva sesi\u00f3n \u2013la tercera\u2013 del plan de formaci\u00f3n cofrade \u201cSin perder el paso\u201d que est\u00e1 llevando a cabo la penitencial de San Claudio durante este curso 2017\/2018. En esta ocasi\u00f3n, Orestes Santos Bermejo \u2013 administrador de la parroquia\u2013 fue el encargado de dirigirla, con una ponencia titulada \u201cLa primera Semana Santa\u201d en la que recorri\u00f3 los momentos principales de la Pasi\u00f3n, Muerte y Resurrecci\u00f3n de Cristo, incidiendo sobre esto \u00faltimo el ponente de forma especial, puesto que es el eje fundamental de la fe cat\u00f3lica. Adem\u00e1s, tambi\u00e9n apunt\u00f3 Santos Bermejo que desde los or\u00edgenes mismos del Cristianismo se ha celebrado el triduo pascual, aunque no de la misma forma en que hoy lo vivimos.<\/p>\n","protected":false},"excerpt":{"rendered":"<p>El pasado lunes, 29 de enero, la sede social de la Cofrad\u00eda del Santo Cristo de la Bienaventuranza de Le\u00f3n acog\u00eda una nueva sesi\u00f3n \u2013la tercera\u2013 del plan de formaci\u00f3n cofrade \u201cSin perder el paso\u201d que est\u00e1 llevando a cabo la penitencial de San Claudio durante este curso 2017\/2018. En esta ocasi\u00f3n, Orestes Santos Bermejo [&hellip;]<\/p>\n","protected":false},"author":1,"featured_media":0,"comment_status":"open","ping_status":"open","sticky":false,"template":"","format":"standard","meta":{"footnotes":""},"categories":[28],"tags":[],"class_list":["post-4870","post","type-post","status-publish","format-standard","hentry","category-historico"],"_links":{"self":[{"href":"https:\/\/pruebas.cursopracticoseo.com\/wordpress_o\/wp-json\/wp\/v2\/posts\/4870","targetHints":{"allow":["GET"]}}],"collection":[{"href":"https:\/\/pruebas.cursopracticoseo.com\/wordpress_o\/wp-json\/wp\/v2\/posts"}],"about":[{"href":"https:\/\/pruebas.cursopracticoseo.com\/wordpress_o\/wp-json\/wp\/v2\/types\/post"}],"author":[{"embeddable":true,"href":"https:\/\/pruebas.cursopracticoseo.com\/wordpress_o\/wp-json\/wp\/v2\/users\/1"}],"replies":[{"embeddable":true,"href":"https:\/\/pruebas.cursopracticoseo.com\/wordpress_o\/wp-json\/wp\/v2\/comments?post=4870"}],"version-history":[{"count":0,"href":"https:\/\/pruebas.cursopracticoseo.com\/wordpress_o\/wp-json\/wp\/v2\/posts\/4870\/revisions"}],"wp:attachment":[{"href":"https:\/\/pruebas.cursopracticoseo.com\/wordpress_o\/wp-json\/wp\/v2\/media?parent=4870"}],"wp:term":[{"taxonomy":"category","embeddable":true,"href":"https:\/\/pruebas.cursopracticoseo.com\/wordpress_o\/wp-json\/wp\/v2\/categories?post=4870"},{"taxonomy":"post_tag","embeddable":true,"href":"https:\/\/pruebas.cursopracticoseo.com\/wordpress_o\/wp-json\/wp\/v2\/tags?post=4870"}],"curies":[{"name":"wp","href":"https:\/\/api.w.org\/{rel}","templated":true}]}}