{"id":4869,"date":"2018-02-02T00:00:00","date_gmt":"2018-02-02T00:00:00","guid":{"rendered":"https:\/\/pruebas.cursopracticoseo.com\/wordpress_o\/comienzan-las-vii-jornadas-de-la-biblioteca-cofrade-de-la-bienaventuranza\/"},"modified":"2018-02-02T00:00:00","modified_gmt":"2018-02-02T00:00:00","slug":"comienzan-las-vii-jornadas-de-la-biblioteca-cofrade-de-la-bienaventuranza","status":"publish","type":"post","link":"https:\/\/pruebas.cursopracticoseo.com\/wordpress_o\/comienzan-las-vii-jornadas-de-la-biblioteca-cofrade-de-la-bienaventuranza\/","title":{"rendered":"Comienzan las VII Jornadas de la Biblioteca Cofrade de la Bienaventuranza"},"content":{"rendered":"<p>Un a\u00f1o m\u00e1s, la Cofrad\u00eda del Santo Cristo de la Bienaventuranza de Le\u00f3n organiza sus Jornadas de la Biblioteca Cofrade que, en este 2018, alcanzan ya la s\u00e9ptima edici\u00f3n, y que se desarrollar\u00e1n los pr\u00f3ximos 2, 9 y 16 de febrero, a partir de las 20:30 h. en la sede de la cofrad\u00eda (C\/ Cipriano de la Huerga, 10).<\/p>\n<p>As\u00ed, las jornadas dar\u00e1n comienzo el pr\u00f3ximo viernes, 2 de febrero, con la conferencia titulada \u201cXX aniversario de Nuestra Madre de la Piedad\u201d, que ofrecer\u00e1 su autor, el imaginero zamorano Ricardo Flecha Barrio.<\/p>\n<p>El viernes siguiente, 9 de febrero, Aitor \u00c1lvarez Bard\u00f3n, vestidor entre otras im\u00e1genes de la Virgen de la Misericordia de la penitencial de San Claudio, disertar\u00e1 acerca de \u201cVestir a la Virgen Mar\u00eda: tradici\u00f3n, devoci\u00f3n y sentido\u201d.<\/p>\n<p>Y, ya por \u00faltimo, el primer trabajo discogr\u00e1fico de la agrupaci\u00f3n musical de la cofrad\u00eda, \u201cSue\u00f1os de un ayer,\u201d ser\u00e1 el protagonista en la clausura de las VII Jornadas de la Biblioteca Cofrade, el viernes 16 de febrero, con la intervenci\u00f3n de Sergio de Juan Fern\u00e1ndez, director de la agrupaci\u00f3n musical de la cofrad\u00eda, y de \u00c1ngel Rodr\u00edguez del Amo, ingeniero de sonido de Music Center que ha estado al frente, junto con Manolo Rodr\u00edguez, de los aspectos t\u00e9cnicos de la grabaci\u00f3n.<\/p>\n<p>Durante el transcurso de esta \u00faltima jornada, se presentar\u00e1 tambi\u00e9n el cartel de la cofrad\u00eda para esta Semana Santa.<\/p>\n","protected":false},"excerpt":{"rendered":"<p>Un a\u00f1o m\u00e1s, la Cofrad\u00eda del Santo Cristo de la Bienaventuranza de Le\u00f3n organiza sus Jornadas de la Biblioteca Cofrade que, en este 2018, alcanzan ya la s\u00e9ptima edici\u00f3n, y que se desarrollar\u00e1n los pr\u00f3ximos 2, 9 y 16 de febrero, a partir de las 20:30 h. en la sede de la cofrad\u00eda (C\/ Cipriano [&hellip;]<\/p>\n","protected":false},"author":1,"featured_media":0,"comment_status":"open","ping_status":"open","sticky":false,"template":"","format":"standard","meta":{"footnotes":""},"categories":[28],"tags":[],"class_list":["post-4869","post","type-post","status-publish","format-standard","hentry","category-historico"],"_links":{"self":[{"href":"https:\/\/pruebas.cursopracticoseo.com\/wordpress_o\/wp-json\/wp\/v2\/posts\/4869","targetHints":{"allow":["GET"]}}],"collection":[{"href":"https:\/\/pruebas.cursopracticoseo.com\/wordpress_o\/wp-json\/wp\/v2\/posts"}],"about":[{"href":"https:\/\/pruebas.cursopracticoseo.com\/wordpress_o\/wp-json\/wp\/v2\/types\/post"}],"author":[{"embeddable":true,"href":"https:\/\/pruebas.cursopracticoseo.com\/wordpress_o\/wp-json\/wp\/v2\/users\/1"}],"replies":[{"embeddable":true,"href":"https:\/\/pruebas.cursopracticoseo.com\/wordpress_o\/wp-json\/wp\/v2\/comments?post=4869"}],"version-history":[{"count":0,"href":"https:\/\/pruebas.cursopracticoseo.com\/wordpress_o\/wp-json\/wp\/v2\/posts\/4869\/revisions"}],"wp:attachment":[{"href":"https:\/\/pruebas.cursopracticoseo.com\/wordpress_o\/wp-json\/wp\/v2\/media?parent=4869"}],"wp:term":[{"taxonomy":"category","embeddable":true,"href":"https:\/\/pruebas.cursopracticoseo.com\/wordpress_o\/wp-json\/wp\/v2\/categories?post=4869"},{"taxonomy":"post_tag","embeddable":true,"href":"https:\/\/pruebas.cursopracticoseo.com\/wordpress_o\/wp-json\/wp\/v2\/tags?post=4869"}],"curies":[{"name":"wp","href":"https:\/\/api.w.org\/{rel}","templated":true}]}}